{"id":123825,"date":"2021-08-10T12:18:03","date_gmt":"2021-08-10T16:18:03","guid":{"rendered":"https:\/\/linitiative.ca\/International\/le-digital-est-une-exigence-pour-le-futur-du-monde-postal-pm-ivoirien\/"},"modified":"2021-08-10T12:18:03","modified_gmt":"2021-08-10T16:18:03","slug":"le-digital-est-une-exigence-pour-le-futur-du-monde-postal-pm-ivoirien","status":"publish","type":"post","link":"https:\/\/linitiative.ca\/International\/le-digital-est-une-exigence-pour-le-futur-du-monde-postal-pm-ivoirien\/","title":{"rendered":"Le digital est une \u00ab\u00a0exigence\u00a0\u00bb pour le futur du monde postal (PM ivoirien)"},"content":{"rendered":"<div>\n<p><img loading=\"lazy\" decoding=\"async\" width=\"1080\" height=\"720\" src=\"https:\/\/linitiative.ca\/International\/wp-content\/uploads\/sites\/23\/2021\/08\/16286122834860.jpg\" class=\"attachment-post-thumbnail size-post-thumbnail wp-post-image\" alt=\"\" srcset=\"https:\/\/linitiative.ca\/International\/wp-content\/uploads\/sites\/23\/2021\/08\/16286122834860.jpg 1080w, https:\/\/www.journalducameroun.com\/wp-content\/uploads\/2021\/08\/16286122834860-300x200.jpg 300w, https:\/\/www.journalducameroun.com\/wp-content\/uploads\/2021\/08\/16286122834860-768x512.jpg 768w, https:\/\/www.journalducameroun.com\/wp-content\/uploads\/2021\/08\/16286122834860-1024x683.jpg 1024w, https:\/\/www.journalducameroun.com\/wp-content\/uploads\/2021\/08\/16286122834860-660x440.jpg 660w, https:\/\/www.journalducameroun.com\/wp-content\/uploads\/2021\/08\/16286122834860-600x400.jpg 600w\" sizes=\"auto, (max-width: 1080px) 100vw, 1080px\"><\/p>\n<p>Le Premier ministre ivoirien Patrick Achi a soutenu mardi que le digital constitue \u00ab\u00a0une opportunit\u00e9 et une exigence\u00a0\u00bb pour l&rsquo;avenir du secteur postal universel.<\/p>\n<p>M. Patrick Achi s&rsquo;exprimait \u00e0 l&rsquo;ouverture de la Conf\u00e9rence minist\u00e9rielle des \u00c9tats membres de l&rsquo;Union Postale Universelle (UPU), dont la C\u00f4te d&rsquo;Ivoire, son pays, abrite le 27e Congr\u00e8s Postal Universel qui se tient du 9 au 27 ao\u00fbt 2021 \u00e0 Abidjan. \u00a0<\/p>\n<p>\u00ab\u00a0L&rsquo;\u00e9volution rapide des technologies num\u00e9riques et du commerce \u00e9lectronique constitue une opportunit\u00e9 et une exigence pour le monde postal pour acc\u00e9l\u00e9rer les profondes transformations \u00e0 franchir\u00a0\u00bb, a d\u00e9clar\u00e9 M. Patrick Achi.\u00a0<\/p>\n<p>Cela devrait permettre de \u00ab\u00a0faire \u00e9voluer les business mod\u00e8les, innover et cr\u00e9er de la valeur ajout\u00e9e, de la richesse et des emplois\u00a0\u00bb, a dit M. Patrick Achi, pour qui \u00ab\u00a0c&rsquo;est un imp\u00e9ratif pour le secteur postal qui doit adapter ses offres de services\u00a0\u00bb.\u00a0<\/p>\n<p>Il a en outre exhort\u00e9 le secteur postal \u00e0 mettre davantage l&rsquo;accent sur les colis, la logistique et les services financiers, esp\u00e9rant qu&rsquo;il pourra compter sur ses 5 millions de ressources humaines pour lib\u00e9rer tout son potentiel gr\u00e2ce \u00e0 la digitalisation.\u00a0<\/p>\n<p>\u00ab\u00a0C&rsquo;est en ce sens que l&rsquo;UPU devra restructurer son r\u00e9seau postal mondial de plus de 600.000 bureaux comme le principal catalyseur du commerce \u00e9lectronique au niveau plan\u00e9taire et surtout en Afrique \u00e0 partir d&rsquo;un \u00e9cosyst\u00e8me int\u00e9gr\u00e9, inclusif et innovant\u00a0\u00bb, a-t-il soutenu.\u00a0<\/p>\n<p>Le th\u00e8me de la conf\u00e9rence minist\u00e9rielle des \u00c9tats membres de l&rsquo;Union postale universelle est \u00ab\u00a0Covid-19 et secteur postal: ce qui a chang\u00e9, ce qui n&rsquo;a pas chang\u00e9 et ce qui doit changer\u00a0\u00bb.\u00a0<\/p>\n<p>La pand\u00e9mie de Covid-19 a impact\u00e9 la croissance de l&rsquo;\u00e9conomie mondiale qui est est pass\u00e9e de +2,8% en 2019 \u00e0 -4,4% en moyenne en 2020. Le secteur postal, \u00a0lui, a connu une baisse de plus de 7 points de pourcentage.\u00a0<\/p>\n<p>Les donn\u00e9es r\u00e9v\u00e8lent que la part de la poste aux lettres dans les revenus totaux des op\u00e9rateurs postaux, elles, indiquent une baisse constante sous les nappes de la digitalisation des \u00e9conomies et des \u00e9changes.<\/p>\n<p>La part de la poste aux lettres dans les revenus totaux est pass\u00e9e de 45% en 2008 \u00e0 39% en 2018, au profit des colis et de la logistique qui ont progress\u00e9 de 16% \u00e0 plus de 27% sur la m\u00eame p\u00e9riode.\u00a0<\/p>\n<p>Dans les \u00e9changes internationaux, les cha\u00eenes logistiques, du fait de la crise sanitaire de Covid-19, ont diminu\u00e9 de 21% au cours des cinq premiers mois de 2020 par rapport \u00e0 la m\u00eame p\u00e9riode en 2019, a d&rsquo;ailleurs fait observer M. Patrick Achi. \u00a0<\/p>\n<p>Ces perturbations ont perturb\u00e9 \u00e9galement les flux nationaux et les services financiers, notamment les services postaux de paiement et l&rsquo;envoi de fonds qui repr\u00e9sente en moyenne 16% des revenus des op\u00e9rateurs postaux.\u00a0<\/p>\n<p>Dans ce contexte, le commerce \u00e9lectronique, lui, a \u00e9t\u00e9 consolid\u00e9 avec un chiffre d&rsquo;affaires de certains acteurs qui a bondi en moyenne de 20 \u00e0 50% en 2020 par rapport \u00e0 2019.\u00a0<\/p>\n<p>Ce congr\u00e8s offre ainsi aux Etats, aux r\u00e9gulateurs et aux op\u00e9rateurs l&rsquo;opportunit\u00e9 de cr\u00e9er ensemble la prochaine strat\u00e9gie mondiale de la poste, qui constituera la feuille de route pour la p\u00e9riode 2021-2024.\u00a0<\/p>\n<p>Cette strat\u00e9gie dite \u00ab\u00a0Strat\u00e9gie postale d&rsquo;Abidjan\u00a0\u00bb devra se nourrir des grandes attentes de la communaut\u00e9 postale mondiale, des \u00c9tats, mais aussi des utilisateurs, des clients et des entreprises, a sugg\u00e9r\u00e9 le Premier ministre ivoirien. \u00a0<\/p>\n<p>Cette Conf\u00e9rence minist\u00e9rielle rassemble des ministres charg\u00e9s du secteur postal, des responsables d&rsquo;autorit\u00e9s de r\u00e9gulation, des directeurs d&rsquo;agences intergouvernementales et \u00a0des repr\u00e9sentants de haut niveau d&rsquo;autres organisations afin de discuter des avantages que la poste apporte aux \u00e9conomies et aux soci\u00e9t\u00e9s.<\/p>\n<p>Le directeur g\u00e9n\u00e9ral du Bureau international de l&rsquo;UPU, Bishar Hussein Abdirahman, a souhait\u00e9 que les changements qui doivent \u00eatre op\u00e9r\u00e9s assurent une poste \u00ab\u00a0solide\u00a0\u00bb en Afrique.\u00a0<\/p>\n<p>Apr\u00e8s les conf\u00e9rences de Doha en 2012 et d&rsquo;Istanbul en 2016, la C\u00f4te d&rsquo;Ivoire accueille La 3e Conf\u00e9rence des ministres des pays membres de l&rsquo;UPU. Elle regroupe les 192 Etats membres de l&rsquo;UPU.\u00a0<\/p>\n<p>Cet article <a rel=\"nofollow\" href=\"https:\/\/www.journalducameroun.com\/le-digital-est-une-exigence-pour-le-futur-du-monde-postal-pm-ivoirien\/\">Le digital est une \u00ab\u00a0exigence\u00a0\u00bb pour le futur du monde postal (PM ivoirien)<\/a> est apparu en premier sur <a rel=\"nofollow\" href=\"https:\/\/www.journalducameroun.com\/\">Journal du Cameroun<\/a>.<\/p>\n<\/div>\n<p>Auteur: APA News<br \/>\n<a href=\"https:\/\/www.journalducameroun.com\/le-digital-est-une-exigence-pour-le-futur-du-monde-postal-pm-ivoirien\/\">Cliquez ici pour lire l&rsquo;article depuis sa source.<\/a><\/p>\n","protected":false},"excerpt":{"rendered":"<p>Le Premier ministre ivoirien Patrick Achi a soutenu mardi que le digital constitue \u00ab\u00a0une opportunit\u00e9 et une exigence\u00a0\u00bb pour l&rsquo;avenir du secteur postal universel. M. Patrick Achi s&rsquo;exprimait \u00e0 l&rsquo;ouverture de la Conf\u00e9rence minist\u00e9rielle des \u00c9tats membres de l&rsquo;Union Postale Universelle (UPU), dont la C\u00f4te d&rsquo;Ivoire, son pays, abrite le 27e Congr\u00e8s Postal Universel qui [&hellip;]<\/p>\n","protected":false},"author":1965,"featured_media":0,"comment_status":"closed","ping_status":"closed","sticky":false,"template":"","format":"standard","meta":{"fifu_image_url":"https:\/\/www.journalducameroun.com\/wp-content\/uploads\/2021\/08\/16286122834860.jpg","fifu_image_alt":"Le digital est une \u00ab\u00a0exigence\u00a0\u00bb pour le futur du monde postal (PM ivoirien)","footnotes":""},"categories":[73,82],"tags":[],"class_list":["post-123825","post","type-post","status-publish","format-standard","hentry","category-actualite","category-cameroun"],"_links":{"self":[{"href":"https:\/\/linitiative.ca\/International\/wp-json\/wp\/v2\/posts\/123825","targetHints":{"allow":["GET"]}}],"collection":[{"href":"https:\/\/linitiative.ca\/International\/wp-json\/wp\/v2\/posts"}],"about":[{"href":"https:\/\/linitiative.ca\/International\/wp-json\/wp\/v2\/types\/post"}],"author":[{"embeddable":true,"href":"https:\/\/linitiative.ca\/International\/wp-json\/wp\/v2\/users\/1965"}],"replies":[{"embeddable":true,"href":"https:\/\/linitiative.ca\/International\/wp-json\/wp\/v2\/comments?post=123825"}],"version-history":[{"count":0,"href":"https:\/\/linitiative.ca\/International\/wp-json\/wp\/v2\/posts\/123825\/revisions"}],"wp:attachment":[{"href":"https:\/\/linitiative.ca\/International\/wp-json\/wp\/v2\/media?parent=123825"}],"wp:term":[{"taxonomy":"category","embeddable":true,"href":"https:\/\/linitiative.ca\/International\/wp-json\/wp\/v2\/categories?post=123825"},{"taxonomy":"post_tag","embeddable":true,"href":"https:\/\/linitiative.ca\/International\/wp-json\/wp\/v2\/tags?post=123825"}],"curies":[{"name":"wp","href":"https:\/\/api.w.org\/{rel}","templated":true}]}}