{"id":123827,"date":"2021-08-10T13:18:02","date_gmt":"2021-08-10T17:18:02","guid":{"rendered":"https:\/\/linitiative.ca\/International\/senegal-deux-nouvelles-cibles-pour-la-vaccination-contre-la-covid-19\/"},"modified":"2021-08-10T13:18:02","modified_gmt":"2021-08-10T17:18:02","slug":"senegal-deux-nouvelles-cibles-pour-la-vaccination-contre-la-covid-19","status":"publish","type":"post","link":"https:\/\/linitiative.ca\/International\/senegal-deux-nouvelles-cibles-pour-la-vaccination-contre-la-covid-19\/","title":{"rendered":"S\u00e9n\u00e9gal : deux nouvelles cibles pour la vaccination contre la Covid-19"},"content":{"rendered":"<div>\n<p>Les autorit\u00e9s sanitaires recommandent fortement aux canc\u00e9reux et dr\u00e9panocytaires de se vacciner pour ne pas d\u00e9velopper les formes graves du nouveau coronavirus.Apr\u00e8s les femmes enceintes, le minist\u00e8re s\u00e9n\u00e9galais de la Sant\u00e9 et de l\u2019Action sociale cible les malades du cancer (du sein en particulier) et de la dr\u00e9panocytose dans sa campagne de vaccination.<\/p>\n<p>Ce mardi, apr\u00e8s le point du jour sur la situation de la pand\u00e9mie au S\u00e9n\u00e9gal, Pr Fatou Samba Ndiaye, Chef du service h\u00e9matologie \u00e0 l\u2019H\u00f4pital Dalal Jaam de Gu\u00e9diawaye (banlieue de Dakar), a soulign\u00e9 que la vaccination des canc\u00e9reux, qui ont un \u00ab trouble de l\u2019immunit\u00e9 \u00bb, doit ob\u00e9ir \u00e0 des r\u00e8gles.<\/p>\n<p>Dans sa communication, la sp\u00e9cialiste a indiqu\u00e9 trois p\u00e9riodes propices \u00e0 l\u2019injection : \u00ab avant le d\u00e9but de la chimioth\u00e9rapie, trois mois apr\u00e8s les cures de chimioth\u00e9rapie ou entre deux cures espac\u00e9es au moins de 15 jours \u00bb.<\/p>\n<p>En outre, Pr Fatou Samba Ndiaye a expliqu\u00e9 que les personnes dr\u00e9panocytaires ont \u00ab r\u00e9guli\u00e8rement des infections pulmonaires car leurs poumons sont fragilis\u00e9s depuis la naissance \u00bb. Concernant cette population, la vaccination est \u00e9galement conseill\u00e9e y compris pour les femmes enceintes \u00ab \u00e0 partir du quatri\u00e8me mois de grossesse \u00bb.<\/p>\n<p>De son c\u00f4t\u00e9, Dr Annette Seck Ndiaye, Directrice de la Pharmacie Nationale d\u2019Approvisionnement (PNA), a d\u00e9clar\u00e9 que \u00ab 1.232.318 doses (de vaccin) dont 532.118 acquises par le gouvernement du S\u00e9n\u00e9gal \u00bb ont \u00e9t\u00e9 distribu\u00e9es depuis le d\u00e9but de la pand\u00e9mie.<\/p>\n<p>Pour la prise en charge des patients de la Covid-19, elle a affirm\u00e9 que \u00ab la PNA a pris toutes les dispositions aussi bien au niveau central qu\u2019au niveau r\u00e9gional pour la disponibilit\u00e9 des produits essentiels \u00bb.<\/p>\n<p>Cet article <a rel=\"nofollow\" href=\"https:\/\/www.journalducameroun.com\/senegal-deux-nouvelles-cibles-pour-la-vaccination-contre-la-covid-19\/\">S\u00e9n\u00e9gal : deux nouvelles cibles pour la vaccination contre la Covid-19<\/a> est apparu en premier sur <a rel=\"nofollow\" href=\"https:\/\/www.journalducameroun.com\/\">Journal du Cameroun<\/a>.<\/p>\n<\/div>\n<p>Auteur: APA News<br \/>\n<a href=\"https:\/\/www.journalducameroun.com\/senegal-deux-nouvelles-cibles-pour-la-vaccination-contre-la-covid-19\/\">Cliquez ici pour lire l&rsquo;article depuis sa source.<\/a><\/p>\n","protected":false},"excerpt":{"rendered":"<p>Les autorit\u00e9s sanitaires recommandent fortement aux canc\u00e9reux et dr\u00e9panocytaires de se vacciner pour ne pas d\u00e9velopper les formes graves du nouveau coronavirus.Apr\u00e8s les femmes enceintes, le minist\u00e8re s\u00e9n\u00e9galais de la Sant\u00e9 et de l\u2019Action sociale cible les malades du cancer (du sein en particulier) et de la dr\u00e9panocytose dans sa campagne de vaccination. Ce mardi, [&hellip;]<\/p>\n","protected":false},"author":1965,"featured_media":0,"comment_status":"closed","ping_status":"closed","sticky":false,"template":"","format":"standard","meta":{"fifu_image_url":"","fifu_image_alt":"","footnotes":""},"categories":[73,82],"tags":[],"class_list":["post-123827","post","type-post","status-publish","format-standard","hentry","category-actualite","category-cameroun"],"_links":{"self":[{"href":"https:\/\/linitiative.ca\/International\/wp-json\/wp\/v2\/posts\/123827","targetHints":{"allow":["GET"]}}],"collection":[{"href":"https:\/\/linitiative.ca\/International\/wp-json\/wp\/v2\/posts"}],"about":[{"href":"https:\/\/linitiative.ca\/International\/wp-json\/wp\/v2\/types\/post"}],"author":[{"embeddable":true,"href":"https:\/\/linitiative.ca\/International\/wp-json\/wp\/v2\/users\/1965"}],"replies":[{"embeddable":true,"href":"https:\/\/linitiative.ca\/International\/wp-json\/wp\/v2\/comments?post=123827"}],"version-history":[{"count":0,"href":"https:\/\/linitiative.ca\/International\/wp-json\/wp\/v2\/posts\/123827\/revisions"}],"wp:attachment":[{"href":"https:\/\/linitiative.ca\/International\/wp-json\/wp\/v2\/media?parent=123827"}],"wp:term":[{"taxonomy":"category","embeddable":true,"href":"https:\/\/linitiative.ca\/International\/wp-json\/wp\/v2\/categories?post=123827"},{"taxonomy":"post_tag","embeddable":true,"href":"https:\/\/linitiative.ca\/International\/wp-json\/wp\/v2\/tags?post=123827"}],"curies":[{"name":"wp","href":"https:\/\/api.w.org\/{rel}","templated":true}]}}