{"id":123828,"date":"2021-08-10T13:28:55","date_gmt":"2021-08-10T17:28:55","guid":{"rendered":"https:\/\/linitiative.ca\/International\/cameroun-mgr-samuel-kleda-tire-la-sonnette-dalarme-a-propos-de-la-montee-des-crimes-viols-et-autres-abus-divers\/"},"modified":"2021-08-10T13:28:55","modified_gmt":"2021-08-10T17:28:55","slug":"cameroun-mgr-samuel-kleda-tire-la-sonnette-dalarme-a-propos-de-la-montee-des-crimes-viols-et-autres-abus-divers","status":"publish","type":"post","link":"https:\/\/linitiative.ca\/International\/cameroun-mgr-samuel-kleda-tire-la-sonnette-dalarme-a-propos-de-la-montee-des-crimes-viols-et-autres-abus-divers\/","title":{"rendered":"Cameroun : Mgr Samuel Kleda tire la sonnette d\u2019alarme \u00e0 propos de la mont\u00e9e des crimes, viols et autres abus divers"},"content":{"rendered":"<div>\n<p><img loading=\"lazy\" decoding=\"async\" width=\"800\" height=\"417\" src=\"https:\/\/linitiative.ca\/International\/wp-content\/uploads\/sites\/23\/2021\/08\/Mgr-Samuel-Kleda.gif\" class=\"attachment-post-thumbnail size-post-thumbnail wp-post-image\" alt=\"\"><\/p>\n<h5>Dans une lettre pastorale sign\u00e9e le 29 juillet 2021 et dont nos confr\u00e8res de Cameroon-Info.net ont pu se procurer une copie, l\u2019archev\u00eaque de Douala d\u00e9nonce ces\u00a0\u00ab<em>inf\u00e2mes atteintes \u00e0 la pudeur et aux bonnes m\u0153urs, en contradiction ouverte avec la Parole de Dieu et les valeurs ancestrales\u00a0<\/em>\u00bb, qui prennent chaque jour des proportions alarmantes dans notre soci\u00e9t\u00e9. Le pr\u00e9lat catholique \u00a0interpelle le gouvernement, les parents et les hommes de Dieu.<\/h5>\n<h5><\/h5>\n<h5><strong>Ci-dessous, l\u2019int\u00e9gralit\u00e9 de sa lettre :<\/strong><\/h5>\n<p style=\"text-align: center;\">Aux pr\u00eatres, Aux religieux et religieuses,<\/p>\n<p style=\"text-align: center;\">Aux agents pastoraux,<\/p>\n<p style=\"text-align: center;\">Aux responsables des structures et services dioc\u00e9sains,<\/p>\n<p style=\"text-align: center;\">Aux responsables de l\u2019Institut Catholique Saint J\u00e9r\u00f4me, des Ecoles et Coll\u00e8ges,<\/p>\n<p style=\"text-align: center;\">Aux responsables des Mouvements et Associations,<\/p>\n<p style=\"text-align: center;\">Aux fid\u00e8les la\u00efcs,<\/p>\n<p style=\"text-align: center;\">Aux hommes et aux femmes de bonne volont\u00e9,<\/p>\n<p style=\"text-align: center;\">Au peuple de Dieu.<\/p>\n<p style=\"text-align: center;\">Notre vie associative a \u00e9t\u00e9 fortement entach\u00e9e ces derniers mois par la publication sur les r\u00e9seaux sociaux d\u2019images obsc\u00e8nes r\u00e9v\u00e9lant la vie priv\u00e9e des personnes. Ces publications malsaines et ces atteintes notoires \u00e0 la pudeur et \u00e0 la morale, en contradiction ouverte avec la Parole de Dieu et les valeurs ancestrales, prennent chaque jour des proportions alarmantes dans notre soci\u00e9t\u00e9. Ils s\u2019ajoutent \u00e0 la longue liste des actes irresponsables, immoraux et m\u00eame contre nature commis sur l\u2019ensemble du territoire national.<\/p>\n<p style=\"text-align: center;\">Les causes de ces blessures morales inflig\u00e9es \u00e0 la dignit\u00e9 de la personne humaine et \u00e0 notre corps social incluent: la d\u00e9pravation g\u00e9n\u00e9rale des m\u0153urs, le relativisme moral, l\u2019h\u00e9donisme, la perte des normes et des valeurs, la crise des valeurs morales. Parmi ces atteintes \u00e0 la dignit\u00e9 de la personne humaine que nous d\u00e9non\u00e7ons et condamnons fermement, nous pouvons citer :<\/p>\n<p style=\"text-align: center;\">\u2013 La mise en ligne de personnes malades ou d\u00e9c\u00e9d\u00e9es sans aucun respect pour leur dignit\u00e9;<\/p>\n<p style=\"text-align: center;\">\u2013 La mise en ligne de la vie priv\u00e9e des personnes;<\/p>\n<p style=\"text-align: center;\">\u2013 La cr\u00e9ation en ligne de groupes libertins;<\/p>\n<p style=\"text-align: center;\">\u2013 Promotion en ligne du prox\u00e9n\u00e9tisme;<\/p>\n<p style=\"text-align: center;\">\u2013 L\u2019ext\u00e9riorisation excessive de la vie intime des personnes;<\/p>\n<p style=\"text-align: center;\">\u2013 La cyberintimidation;<\/p>\n<p style=\"text-align: center;\">\u2013 Cyberharc\u00e8lement;<\/p>\n<p style=\"text-align: center;\">\u2013 Mise en place de r\u00e9seaux commerciaux sexuels en ligne ;<\/p>\n<p style=\"text-align: center;\">\u2013 Initier les jeunes aux m\u0153urs perverses \u00e0 travers des s\u00e9ries t\u00e9l\u00e9vis\u00e9es ;<br \/>\n\u2013 La prostitution;<\/p>\n<p style=\"text-align: center;\">-Esclavage et exploitation sexuels;<\/p>\n<p style=\"text-align: center;\">\u2013 la pornographie;<\/p>\n<p style=\"text-align: center;\">\u2013 Inceste;<\/p>\n<p style=\"text-align: center;\">\u2013 P\u00e9dophilie;<\/p>\n<p style=\"text-align: center;\">\u2013 Pratiques sexuelles contre nature (homosexualit\u00e9);<\/p>\n<p style=\"text-align: center;\">\u2013 Crimes rituels;<\/p>\n<p style=\"text-align: center;\">\u2013 le commerce d\u2019organes et d\u2019os humains;<\/p>\n<p style=\"text-align: center;\">\u2013 Repr\u00e9sailles publiques, etc.<\/p>\n<p style=\"text-align: center;\">L\u2019\u00c9glise, \u00e0 qui le Christ Seigneur a confi\u00e9 le d\u00e9positaire de la foi, ne peut rester indiff\u00e9rente \u00e0 cette corruption croissante et galopante des m\u0153urs que nous voyons dans notre pays depuis quelque temps et qui s\u00e8me la confusion dans les esprits. Rel\u00e2chement des m\u0153urs. C\u2019est, en effet, une question d\u2019une importance capitale pour la vie personnelle des chr\u00e9tiens, la vie sociale de notre temps et l\u2019avenir de notre pays.<\/p>\n<p style=\"text-align: center;\">Il appartient \u00e0 l\u2019\u00c9glise de proclamer en tout temps et en tout lieu les principes de la morale, m\u00eame en relation avec l\u2019ordre social, et de porter un jugement sur l\u2019ensemble de la r\u00e9alit\u00e9 humaine, dans la mesure o\u00f9 l\u2019exigence des droits fondamentaux de la personne humaine personne ou le salut des \u00e2mes\u00bb (Code de droit canon n\u00b0 747 \u00a7 2).<\/p>\n<p style=\"text-align: center;\">En tant que Pasteur de l\u2019\u00c9glise de Dieu qui est \u00e0 Douala, nous ne pouvons pas passer sous silence cette d\u00e9pravation des m\u0153urs. De plus, nous ressentons une obligation morale urgente de vous parler de cette situation pr\u00e9occupante.<\/p>\n<p style=\"text-align: center;\">Nous voulons proclamer haut et fort que toutes ces atteintes fr\u00e9quentes et r\u00e9currentes \u00e0 la dignit\u00e9 de la personne humaine sont contraires aux enseignements de la Sainte \u00c9criture, de l\u2019\u00c9glise et m\u00eame du droit naturel.<\/p>\n<p style=\"text-align: center;\">La dignit\u00e9 de la personne humaine est le c\u0153ur et le fondement de tout l\u2019enseignement social de l\u2019\u00c9glise. Une soci\u00e9t\u00e9 juste ne peut \u00eatre r\u00e9alis\u00e9e que dans le respect de la dignit\u00e9 transcendante de la personne humaine. Le respect de la personne humaine implique le respect des droits d\u00e9coulant de sa dignit\u00e9 de cr\u00e9ature. Ces droits appartiennent \u00e0 la soci\u00e9t\u00e9 et l\u2019engagent. Ils sont \u00e0 la base de la l\u00e9gitimit\u00e9 morale de toute autorit\u00e9, comme l\u2019enseigne l\u2019\u00c9glise :<br \/>\n<em>\u00abLe respect de la personne humaine passe par le respect du principe:\u00bb<\/em>\u00a0chacun consid\u00e8re son prochain, sans exception, comme\u00a0<em>\u00abun autre soi\u00bb<\/em>\u00a0(Cat\u00e9chisme de l\u2019\u00c9glise catholique n\u00b01831). Pour le Pape Fran\u00e7ois:\u00a0<em>\u00abL\u2019acc\u00e8s aux r\u00e9seaux num\u00e9riques implique une responsabilit\u00e9 pour l\u2019autre, qu\u2019on ne voit pas mais qui est r\u00e9elle\u00bb<\/em>.<\/p>\n<p style=\"text-align: center;\">Notre dignit\u00e9 humaine vient d\u2019\u00eatre cr\u00e9\u00e9e \u00e0 l\u2019image et \u00e0 la ressemblance de Dieu. La foi chr\u00e9tienne que nous professons et c\u00e9l\u00e9brons actualise cette nouvelle r\u00e9alit\u00e9 \u00e0 travers le myst\u00e8re de l\u2019Incarnation, de la R\u00e9surrection et de l\u2019Eucharistie. A ce sujet, saint Paul nous enseigne:\u00a0<em>\u00abNe savez-vous pas que vos corps sont membres du Christ ?\u2026. Ne savez-vous pas que votre corps est un temple du Saint-Esprit qui est en vous et qui vous aime de Dieu ? Et que tu n\u2019es pas \u00e0 toi ? Vous \u00eates bien et sinc\u00e8rement achet\u00e9! Glorifiez donc Dieu dans votre corps\u00bb<\/em>\u00a0(1 Corinthiens 6:18-20).<\/p>\n<p style=\"text-align: center;\">C\u2019est pourquoi la capture et la diffusion d\u2019images ou de vid\u00e9os ind\u00e9centes, choquantes ou violentes via les r\u00e9seaux sociaux ou autres plateformes portent gravement atteinte \u00e0 la dignit\u00e9 de la personne humaine, \u00e0 son int\u00e9grit\u00e9 physique et morale et \u00e0 la d\u00e9cence \u00e0 la morale et aux bonnes mani\u00e8res publiques. De plus, la publication d\u2019images obsc\u00e8nes a de graves cons\u00e9quences sur la vie personnelle, communautaire et sociale, telles que:<\/p>\n<p style=\"text-align: center;\">\u2013 L\u2019humiliation et la stigmatisation des victimes;<\/p>\n<p style=\"text-align: center;\">\u2013 La souffrance des parents et des familles;<\/p>\n<p style=\"text-align: center;\">\u2013 L\u2019exposition des plus jeunes \u00e0 une curiosit\u00e9 malsaine;<\/p>\n<p style=\"text-align: center;\">\u2013 L\u2019objectivation de l\u2019homme.<\/p>\n<p style=\"text-align: center;\">Ces actes d\u00e9shumanisants portent non seulement atteinte \u00e0 la dignit\u00e9 de la personne humaine, mais minent \u00e9galement notre vie d\u2019enfance avec Dieu qui a cr\u00e9\u00e9 l\u2019homme \u00e0 son image et \u00e0 sa ressemblance.<\/p>\n<p style=\"text-align: center;\">Face \u00e0 cette crise des valeurs contre laquelle l\u2019ensemble de la soci\u00e9t\u00e9 doit se mobiliser, nous lan\u00e7ons un vif appel pour que chacun s\u2019implique dans la restauration morale dont notre pays a besoin pour pr\u00e9server la dignit\u00e9 de la personne humaine, les valeurs morales et citoyennet\u00e9 responsable.<\/p>\n<p style=\"text-align: center;\"><strong>Au gouvernement<\/strong><\/p>\n<p style=\"text-align: center;\">\u2013 Renforcer la lutte contre la cybercriminalit\u00e9 conform\u00e9ment \u00e0 la loi n\u00b02010-012\/du 12 d\u00e9cembre 2010 relative \u00e0 la cybercriminalit\u00e9 et \u00e0 la cybers\u00e9curit\u00e9;<\/p>\n<p style=\"text-align: center;\">\u2013 Sensibiliser la population \u00e0 une citoyennet\u00e9 responsable;<\/p>\n<p style=\"text-align: center;\">\u2013 Promouvoir l\u2019\u00e9ducation morale \u00e0 l\u2019\u00e9cole et dans le cadre de vie;<\/p>\n<p style=\"text-align: center;\">\u2013 De punir les auteurs de tels actes sans complaisance.<\/p>\n<p style=\"text-align: center;\">Aux forces de l\u2019ordre et de la s\u00e9curit\u00e9<\/p>\n<p style=\"text-align: center;\">\u2013 Respecter la dignit\u00e9 et l\u2019int\u00e9grit\u00e9 physique de tout \u00eatre humain;<\/p>\n<p style=\"text-align: center;\">\u2013 servir vos concitoyens;<\/p>\n<p style=\"text-align: center;\">\u2013 Assurer la protection et la s\u00e9curit\u00e9 de chacun;<\/p>\n<p style=\"text-align: center;\">\u2013 Vivre et accomplir votre service conform\u00e9ment \u00e0 votre devise \u00abHonneur et Loyaut\u00e9\u00bb.<\/p>\n<p style=\"text-align: center;\"><strong>Aux parents<\/strong><\/p>\n<p style=\"text-align: center;\">\u2013 Prendre conscience que vous \u00eates le premier responsable de l\u2019\u00e9ducation de vos enfants;<\/p>\n<p style=\"text-align: center;\">\u2013 Ne pas r\u00e9duire votre devoir \u00e0 la seule procr\u00e9ation de vos enfants, les envoyer \u00e0 l\u2019\u00e9cole, mais aussi assurer leur \u00e9ducation morale et leur formation humaine et spirituelle;<\/p>\n<p style=\"text-align: center;\">\u2013 Donner le bon exemple \u00e0 vos enfants, les initier aux vertus et se m\u00e9fier des compromis et d\u00e9gradations qui menacent la soci\u00e9t\u00e9 humaine;<\/p>\n<p style=\"text-align: center;\">\u2013 Consid\u00e9rer vos enfants comme des enfants de Dieu et les respecter comme des personnes humaines;<\/p>\n<p style=\"text-align: center;\">\u2013 Pour \u00e9lever vos enfants \u00e0 accomplir la Loi de Dieu en vous montrant ob\u00e9issant \u00e0 la Loi de Dieu.<\/p>\n<p style=\"text-align: center;\"><strong>aux pasteurs<\/strong><\/p>\n<p style=\"text-align: center;\">\u2013 Prendre soin des jeunes qui vous sont confi\u00e9s;<\/p>\n<p style=\"text-align: center;\">\u2013 Montrer aux jeunes le chemin qui m\u00e8ne au Christ;<\/p>\n<p style=\"text-align: center;\">\u2013 Discuter avec eux des difficult\u00e9s qu\u2019ils rencontrent dans leur vie;<\/p>\n<p style=\"text-align: center;\">\u2013 Nourrir les jeunes avec la Parole de Dieu et les sacrements;<\/p>\n<p style=\"text-align: center;\">\u2013 \u00catre proche d\u2019eux dans les situations difficiles et les soutenir<br \/>\nJeunesse;<\/p>\n<p style=\"text-align: center;\">\u2013 Prendre conscience que votre premier devoir est de vous former et de pr\u00e9parer l\u2019avenir;<\/p>\n<p style=\"text-align: center;\">\u2013 Chercher la vie qui est en J\u00e9sus-Christ et non dans les r\u00e9seaux qui d\u00e9truisent la vie;<\/p>\n<p style=\"text-align: center;\">\u2013 S\u2019inspirer des valeurs de l\u2019Evangile pour construire son avenir;<\/p>\n<p style=\"text-align: center;\">\u2013 Ne vous laissez pas manipuler par ceux qui vous d\u00e9tournent des valeurs de la vie;<\/p>\n<p style=\"text-align: center;\">\u2013 Ne pas \u00eatre conduit \u00e0 une impasse et \u00e0 aucun futur chemin;<\/p>\n<p style=\"text-align: center;\">\u2013 Avec l\u2019aide du Christ, r\u00e9sister aux influences technologiques et culturelles exog\u00e8nes qui initient la perversion;<\/p>\n<p style=\"text-align: center;\">\u2013 Pour \u00e9couter tes parents et partager avec eux toutes les inqui\u00e9tudes qui menacent ta vie.<\/p>\n<p style=\"text-align: center;\">Professionnels des m\u00e9dias<\/p>\n<p style=\"text-align: center;\">\u2013 Respecter la loi relative \u00e0 la libert\u00e9 de communication sociale (Loi n\u00b090-052 du 19 d\u00e9cembre 1990);<\/p>\n<p style=\"text-align: center;\">\u2013 Respecter la d\u00e9ontologie de votre profession;<\/p>\n<p style=\"text-align: center;\">\u2013 ne pas porter atteinte \u00e0 la dignit\u00e9 des personnes et \u00e0 leur vie priv\u00e9e;<\/p>\n<p style=\"text-align: center;\">\u2013 Ne pas diffuser de vid\u00e9os ou d\u2019images obsc\u00e8nes heurtant la sensibilit\u00e9 ou contraires aux bonnes m\u0153urs;<\/p>\n<p style=\"text-align: center;\">\u2013 Utilisation responsable des nouvelles technologies de l\u2019information et de la communication.<\/p>\n<p style=\"text-align: center;\">Aux croyants<\/p>\n<p style=\"text-align: center;\">\u2013 \u00catre un mod\u00e8le de vie pour nos jeunes;<\/p>\n<p style=\"text-align: center;\">\u2013 Respecter la dignit\u00e9 de toute personne humaine;<\/p>\n<p style=\"text-align: center;\">\u2013 Ne jamais traiter la personne humaine comme un objet ou une ressource;<\/p>\n<p style=\"text-align: center;\">\u2013 Donner un respect inconditionnel \u00e0 toute personne humaine;<\/p>\n<p style=\"text-align: center;\">ind\u00e9pendamment de l\u2019\u00e2ge, du sexe, de la sant\u00e9 physique ou mentale, de la condition sociale, de la religion, de l\u2019origine raciale ou ethnique;<\/p>\n<p style=\"text-align: center;\">\u2013 Construire le monde selon la vision chr\u00e9tienne;<\/p>\n<p style=\"text-align: center;\">\u2013 Utiliser les nouvelles technologies de l\u2019information et de la communication avec beaucoup de discernement et un grand sens des responsabilit\u00e9s;<\/p>\n<p style=\"text-align: center;\">\u2013 S\u2019abstenir de produire, distribuer ou transmettre des images ou des faits, des vid\u00e9os ou tout autre contenu pouvant porter atteinte aux bonnes m\u0153urs, \u00e0 la d\u00e9cence, \u00e0 la pudeur et \u00e0 la dignit\u00e9 humaine.<\/p>\n<p style=\"text-align: center;\">Nous sommes confront\u00e9s \u00e0 une situation de crise grave, o\u00f9 beaucoup pourraient c\u00e9der d\u2019avance au d\u00e9couragement en disant:\u00a0<em>\u00abcomment allons-nous faire ?\u00bb<\/em>\u00a0Nous croyons que nous pouvons faire quelque chose si nous nous engageons tous dans ce combat et si nous unissons nos forces en faisant confiance au Seigneur.<\/p>\n<p style=\"text-align: center;\">Que la Bienheureuse Vierge Marie, notre M\u00e8re et \u00c9ducatrice de la Sainte Famille, Elle qui a port\u00e9 le Fils de Dieu dans son corps, nous aide \u00e0 vivre selon la volont\u00e9 de Dieu et le glorifie dans nos corps.<\/p>\n<p><strong>Fait \u00e0 Douala, le 29 juillet 2021, en m\u00e9moire de Sainte Marthe.<\/strong><\/p>\n<p><strong>+ Mgr Samuel KLEDA<\/strong><\/p>\n<p><strong>Archev\u00eaque m\u00e9tropolitain de Douala<\/strong><\/p>\n<p>\u00a0<\/p>\n<p>Cet article <a rel=\"nofollow\" href=\"https:\/\/www.journalducameroun.com\/cameroun-mgr-samuel-kleda-tire-la-sonnette-dalarme-a-propos-de-la-montee-des-crimes-viols-et-autres-abus-divers\/\">Cameroun : Mgr Samuel Kleda tire la sonnette d\u2019alarme \u00e0 propos de la mont\u00e9e des crimes, viols et autres abus divers<\/a> est apparu en premier sur <a rel=\"nofollow\" href=\"https:\/\/www.journalducameroun.com\/\">Journal du Cameroun<\/a>.<\/p>\n<\/div>\n<p>Auteur: Christian DJIMADEU<br \/>\n<a href=\"https:\/\/www.journalducameroun.com\/cameroun-mgr-samuel-kleda-tire-la-sonnette-dalarme-a-propos-de-la-montee-des-crimes-viols-et-autres-abus-divers\/\">Cliquez ici pour lire l&rsquo;article depuis sa source.<\/a><\/p>\n","protected":false},"excerpt":{"rendered":"<p>Dans une lettre pastorale sign\u00e9e le 29 juillet 2021 et dont nos confr\u00e8res de Cameroon-Info.net ont pu se procurer une copie, l\u2019archev\u00eaque de Douala d\u00e9nonce ces\u00a0\u00abinf\u00e2mes atteintes \u00e0 la pudeur et aux bonnes m\u0153urs, en contradiction ouverte avec la Parole de Dieu et les valeurs ancestrales\u00a0\u00bb, qui prennent chaque jour des proportions alarmantes dans notre [&hellip;]<\/p>\n","protected":false},"author":1965,"featured_media":0,"comment_status":"closed","ping_status":"closed","sticky":false,"template":"","format":"standard","meta":{"fifu_image_url":"https:\/\/www.journalducameroun.com\/wp-content\/uploads\/2020\/08\/Mgr-Samuel-Kleda.gif","fifu_image_alt":"Cameroun : Mgr Samuel Kleda tire la sonnette d\u2019alarme \u00e0 propos de la mont\u00e9e des crimes, viols et autres abus divers","footnotes":""},"categories":[73,82],"tags":[],"class_list":["post-123828","post","type-post","status-publish","format-standard","hentry","category-actualite","category-cameroun"],"_links":{"self":[{"href":"https:\/\/linitiative.ca\/International\/wp-json\/wp\/v2\/posts\/123828","targetHints":{"allow":["GET"]}}],"collection":[{"href":"https:\/\/linitiative.ca\/International\/wp-json\/wp\/v2\/posts"}],"about":[{"href":"https:\/\/linitiative.ca\/International\/wp-json\/wp\/v2\/types\/post"}],"author":[{"embeddable":true,"href":"https:\/\/linitiative.ca\/International\/wp-json\/wp\/v2\/users\/1965"}],"replies":[{"embeddable":true,"href":"https:\/\/linitiative.ca\/International\/wp-json\/wp\/v2\/comments?post=123828"}],"version-history":[{"count":0,"href":"https:\/\/linitiative.ca\/International\/wp-json\/wp\/v2\/posts\/123828\/revisions"}],"wp:attachment":[{"href":"https:\/\/linitiative.ca\/International\/wp-json\/wp\/v2\/media?parent=123828"}],"wp:term":[{"taxonomy":"category","embeddable":true,"href":"https:\/\/linitiative.ca\/International\/wp-json\/wp\/v2\/categories?post=123828"},{"taxonomy":"post_tag","embeddable":true,"href":"https:\/\/linitiative.ca\/International\/wp-json\/wp\/v2\/tags?post=123828"}],"curies":[{"name":"wp","href":"https:\/\/api.w.org\/{rel}","templated":true}]}}