{"id":123830,"date":"2021-08-10T17:18:01","date_gmt":"2021-08-10T21:18:01","guid":{"rendered":"https:\/\/linitiative.ca\/International\/senegal-remise-du-drapeau-national-aux-lions-du-beach-soccer\/"},"modified":"2021-08-10T17:18:01","modified_gmt":"2021-08-10T21:18:01","slug":"senegal-remise-du-drapeau-national-aux-lions-du-beach-soccer","status":"publish","type":"post","link":"https:\/\/linitiative.ca\/International\/senegal-remise-du-drapeau-national-aux-lions-du-beach-soccer\/","title":{"rendered":"S\u00e9n\u00e9gal : remise du drapeau national aux Lions du beach soccer"},"content":{"rendered":"<div>\n<p><img loading=\"lazy\" decoding=\"async\" width=\"720\" height=\"505\" src=\"https:\/\/linitiative.ca\/International\/wp-content\/uploads\/sites\/23\/2021\/08\/16286302829324.jpg\" class=\"attachment-post-thumbnail size-post-thumbnail wp-post-image\" alt=\"\" srcset=\"https:\/\/linitiative.ca\/International\/wp-content\/uploads\/sites\/23\/2021\/08\/16286302829324.jpg 720w, https:\/\/www.journalducameroun.com\/wp-content\/uploads\/2021\/08\/16286302829324-300x210.jpg 300w, https:\/\/www.journalducameroun.com\/wp-content\/uploads\/2021\/08\/16286302829324-627x440.jpg 627w, https:\/\/www.journalducameroun.com\/wp-content\/uploads\/2021\/08\/16286302829324-600x421.jpg 600w\" sizes=\"auto, (max-width: 720px) 100vw, 720px\"><\/p>\n<p>A la veille de son d\u00e9part pour la Russie qui accueille la 11e \u00e9dition de la Coupe du monde de beach soccer, l&rsquo;\u00e9quipe nationale du S\u00e9n\u00e9gal a re\u00e7u, ce mardi apr\u00e8s-midi, les messages d&rsquo;encouragement des autorit\u00e9s.Le si\u00e8ge de la F\u00e9d\u00e9ration S\u00e9n\u00e9galaise de Football (FSF), \u00e0 Dakar, a abrit\u00e9 la c\u00e9r\u00e9monie solennelle. Celle-ci est, pour Abdoulaye Saydou Sow, repr\u00e9sentant du ministre des Sports, \u00ab le premier acte de (la) feuille de route (des Lions) pour aller \u00e0 la conqu\u00eate du monde\u00a0\u00bb.<\/p>\n<p>Le dirigeant sportif, par ailleurs ministre de l&rsquo;Urbanisme, du Logement et de l&rsquo;Hygi\u00e8ne publique, a exhort\u00e9 les joueurs du coach Ngalla Sylla \u00e0 prendre leur \u00ab responsabilit\u00e9\u00a0\u00bb pour faire \u00ab encore plaisir\u00a0\u00bb \u00e0 tout le peuple s\u00e9n\u00e9galais.<\/p>\n<p>Pour sa part, Me Augustin Senghor, le pr\u00e9sident de la FSF, leur a demand\u00e9 de \u00ab montrer le meilleur visage du football s\u00e9n\u00e9galais \u00bb au pays des Tsars. Taulier de la s\u00e9lection, le gardien Al Seny Ndiaye a d\u00e9clar\u00e9 que l&rsquo;objectif est d&rsquo;atteindre au minimum \u00ab la finale et faire honneur au pr\u00e9sident Macky Sall \u00bb. A cet effet, a fait savoir le capitaine de l&rsquo;\u00e9quipe nationale de beach soccer, le groupe \u00ab se pr\u00e9pare depuis janvier \u00bb pour cette comp\u00e9tition.<\/p>\n<p>La Coupe du monde de beach soccer est pr\u00e9vue du 19 au 29 ao\u00fbt au Complexe olympique de Luzhniki, \u00e0 Moscou. Le S\u00e9n\u00e9gal est log\u00e9 dans le groupe D du Portugal, tenant du titre, d&rsquo;Oman et de l&rsquo;Uruguay. Sextuples champions d&rsquo;Afrique, les Lions du football de plage n&rsquo;ont jamais d\u00e9pass\u00e9 les quarts de finale du tournoi mondial en huit participations.<\/p>\n<p>Voici la liste des 14 Lions s\u00e9lectionn\u00e9s : Al Seny NDIAYE, Amadou BA, Seydina Issa DIAGNE, Mamadou SYLLA, Pape Demba NDOUR, Jean Ninou DIATTA, Pape Mar BOYE, Amar SAMB, Mamadou DIENG, Babacar FALL, Ibrahima BALDE, Seydina Mandione DIAGNE, Raoul MENDY et Mamour DIAGNE.<\/p>\n<p>Cet article <a rel=\"nofollow\" href=\"https:\/\/www.journalducameroun.com\/senegal-remise-du-drapeau-national-aux-lions-du-beach-soccer\/\">S\u00e9n\u00e9gal : remise du drapeau national aux Lions du beach soccer<\/a> est apparu en premier sur <a rel=\"nofollow\" href=\"https:\/\/www.journalducameroun.com\/\">Journal du Cameroun<\/a>.<\/p>\n<\/div>\n<p>Auteur: APA News<br \/>\n<a href=\"https:\/\/www.journalducameroun.com\/senegal-remise-du-drapeau-national-aux-lions-du-beach-soccer\/\">Cliquez ici pour lire l&rsquo;article depuis sa source.<\/a><\/p>\n","protected":false},"excerpt":{"rendered":"<p>A la veille de son d\u00e9part pour la Russie qui accueille la 11e \u00e9dition de la Coupe du monde de beach soccer, l&rsquo;\u00e9quipe nationale du S\u00e9n\u00e9gal a re\u00e7u, ce mardi apr\u00e8s-midi, les messages d&rsquo;encouragement des autorit\u00e9s.Le si\u00e8ge de la F\u00e9d\u00e9ration S\u00e9n\u00e9galaise de Football (FSF), \u00e0 Dakar, a abrit\u00e9 la c\u00e9r\u00e9monie solennelle. Celle-ci est, pour Abdoulaye [&hellip;]<\/p>\n","protected":false},"author":1965,"featured_media":0,"comment_status":"closed","ping_status":"closed","sticky":false,"template":"","format":"standard","meta":{"fifu_image_url":"https:\/\/www.journalducameroun.com\/wp-content\/uploads\/2021\/08\/16286302829324.jpg","fifu_image_alt":"S\u00e9n\u00e9gal : remise du drapeau national aux Lions du beach soccer","footnotes":""},"categories":[73,82],"tags":[],"class_list":["post-123830","post","type-post","status-publish","format-standard","hentry","category-actualite","category-cameroun"],"_links":{"self":[{"href":"https:\/\/linitiative.ca\/International\/wp-json\/wp\/v2\/posts\/123830","targetHints":{"allow":["GET"]}}],"collection":[{"href":"https:\/\/linitiative.ca\/International\/wp-json\/wp\/v2\/posts"}],"about":[{"href":"https:\/\/linitiative.ca\/International\/wp-json\/wp\/v2\/types\/post"}],"author":[{"embeddable":true,"href":"https:\/\/linitiative.ca\/International\/wp-json\/wp\/v2\/users\/1965"}],"replies":[{"embeddable":true,"href":"https:\/\/linitiative.ca\/International\/wp-json\/wp\/v2\/comments?post=123830"}],"version-history":[{"count":0,"href":"https:\/\/linitiative.ca\/International\/wp-json\/wp\/v2\/posts\/123830\/revisions"}],"wp:attachment":[{"href":"https:\/\/linitiative.ca\/International\/wp-json\/wp\/v2\/media?parent=123830"}],"wp:term":[{"taxonomy":"category","embeddable":true,"href":"https:\/\/linitiative.ca\/International\/wp-json\/wp\/v2\/categories?post=123830"},{"taxonomy":"post_tag","embeddable":true,"href":"https:\/\/linitiative.ca\/International\/wp-json\/wp\/v2\/tags?post=123830"}],"curies":[{"name":"wp","href":"https:\/\/api.w.org\/{rel}","templated":true}]}}