{"id":123832,"date":"2021-08-10T17:18:02","date_gmt":"2021-08-10T21:18:02","guid":{"rendered":"https:\/\/linitiative.ca\/International\/securite-routiere-un-controle-plus-stricte-en-cote-divoire-des-septembre\/"},"modified":"2021-08-10T17:18:02","modified_gmt":"2021-08-10T21:18:02","slug":"securite-routiere-un-controle-plus-stricte-en-cote-divoire-des-septembre","status":"publish","type":"post","link":"https:\/\/linitiative.ca\/International\/securite-routiere-un-controle-plus-stricte-en-cote-divoire-des-septembre\/","title":{"rendered":"S\u00e9curit\u00e9 routi\u00e8re: un contr\u00f4le plus stricte en C\u00f4te d\u2019Ivoire \u00ab\u00a0d\u00e8s septembre\u00a0\u00bb"},"content":{"rendered":"<div>\n<p><img loading=\"lazy\" decoding=\"async\" width=\"800\" height=\"533\" src=\"https:\/\/linitiative.ca\/International\/wp-content\/uploads\/sites\/23\/2021\/08\/16286302825537.jpg\" class=\"attachment-post-thumbnail size-post-thumbnail wp-post-image\" alt=\"\" srcset=\"https:\/\/linitiative.ca\/International\/wp-content\/uploads\/sites\/23\/2021\/08\/16286302825537.jpg 800w, https:\/\/www.journalducameroun.com\/wp-content\/uploads\/2021\/08\/16286302825537-300x200.jpg 300w, https:\/\/www.journalducameroun.com\/wp-content\/uploads\/2021\/08\/16286302825537-768x512.jpg 768w, https:\/\/www.journalducameroun.com\/wp-content\/uploads\/2021\/08\/16286302825537-660x440.jpg 660w, https:\/\/www.journalducameroun.com\/wp-content\/uploads\/2021\/08\/16286302825537-600x400.jpg 600w\" sizes=\"auto, (max-width: 800px) 100vw, 800px\"><\/p>\n<p>Le Premier ministre ivoirien, Patrick Achi, a annonc\u00e9 mardi \u00e0 Abidjan un contr\u00f4le plus stricte et la r\u00e9pression des actes d&rsquo;incivisme sur les routes \u00ab\u00a0d\u00e8s septembre 2021\u00a0\u00bb.<\/p>\n<p>M. Patrick Achi a annonc\u00e9 cette mesure face \u00e0 la recrudescence des accidents sur l&rsquo;\u00e9tendue du territoire national en C\u00f4te d&rsquo;Ivoire, \u00e0 l&rsquo;occasion du lancement de la \u00ab\u00a0campagne nationale stop \u00e0 l&rsquo;incivisme sur nos routes\u00a0\u00bb.\u00a0<\/p>\n<p>Pour \u00ab\u00a0stabiliser\u00a0\u00bb les accidents de la circulation, l&rsquo;Etat ivoirien a mis en place une strat\u00e9gie qui devrait permettre \u00ab\u00a0dans les 12 prochains mois d&rsquo;inverser la courbe \u00e0 partir de juillet 2022 pour atteindre une r\u00e9duction majeure dans les cinq prochaines ann\u00e9es\u00a0\u00bb.\u00a0<\/p>\n<p>\u00ab\u00a0Plus de 5 milliards Fcfa ont \u00e9t\u00e9 mobilis\u00e9s pour acc\u00e9l\u00e9rer la r\u00e9forme du permis de conduire, \u00e9quiper le minist\u00e8re des Transports en radars et accentuer la sensibilisation des usagers\u00a0\u00bb, a fait savoir le Premier ministre Patrick Achi.<\/p>\n<p>Cette strat\u00e9gie quinquennale devrait, en outre, permettre de \u00ab\u00a0lancer d\u00e8s septembre 2021 la politique de contr\u00f4le et de r\u00e9pression sur l&rsquo;ensemble du territoire national\u00a0\u00bb, a-t-il poursuivi.\u00a0<\/p>\n<p>Elle s&rsquo;appuiera par ailleurs sur la digitalisation du contr\u00f4le routier \u00e0 travers un syst\u00e8me de transport intelligent et de nombreuses r\u00e9formes pour la d\u00e9livrance des documents de transport.\u00a0<\/p>\n<p>Le ministre des Transports, Amadou Kon\u00e9, a relev\u00e9 que de 814 personnes tu\u00e9es sur les routes en 2013 le pays est pass\u00e9 \u00e0 1465 tu\u00e9s en 2019 et 1509 tu\u00e9s en 2020 malgr\u00e9 les restrictions impos\u00e9es par la Covid-19 aux d\u00e9placements des populations, soit un accroissement de 79% en sept ans. \u00a0<\/p>\n<p>Il a mentionn\u00e9 que les pi\u00e9tons et les usagers des motos et des tricycles repr\u00e9sentent 60% des victimes contre 40% pour les passagers des autres v\u00e9hicules.<\/p>\n<p>Sur 1500 tu\u00e9s, environ 1 millier sont les usagers dits vuln\u00e9rables, a-t-il not\u00e9, soulignant que les causes des accidents sont essentiellement humaine pour 92% des accidents.\u00a0<\/p>\n<p>L&rsquo;incivisme et la mauvaise formation des conducteurs sont les facteurs les plus importants constat\u00e9s. La cause principale des accidents sont li\u00e9es \u00e0 la d\u00e9faillance des v\u00e9hicules qui repr\u00e9sentent 6% des accidents. \u00a0<\/p>\n<p>Les accidents graves et motels se concentrent \u00e0 Abidjan pour plus 40% et sur quatre axes routiers pour plus de 40% \u00e9galement. \u00a0Pour le gouvernement ivoirien la prise en charge post accident, et la r\u00e9pression des infractions sont \u00e0 am\u00e9liorer pour r\u00e9duire le nombre d&rsquo;accidents et att\u00e9nuer leur gravit\u00e9.\u00a0<\/p>\n<p>A l&rsquo;occasion du lancement de cette campagne, le Premier ministre ivoirien a proc\u00e9d\u00e9 \u00e0 l&rsquo;installation du Comit\u00e9 local de s\u00e9curit\u00e9 routi\u00e8re du District d&rsquo;Abidjan.<\/p>\n<p>Il a aussi proc\u00e9d\u00e9 \u00e0 la remise d&rsquo;\u00e9quipements \u00e0 l&rsquo;Office de la s\u00e9curit\u00e9 routi\u00e8re (Oser), \u00e0 la brigade routi\u00e8re de la gendarmerie nationale et \u00e0 la police sp\u00e9ciale de la s\u00e9curit\u00e9 routi\u00e8re.\u00a0<\/p>\n<p>Cet article <a rel=\"nofollow\" href=\"https:\/\/www.journalducameroun.com\/securite-routiere-un-controle-plus-stricte-en-cote-divoire-des-septembre\/\">S\u00e9curit\u00e9 routi\u00e8re: un contr\u00f4le plus stricte en C\u00f4te d\u2019Ivoire \u00ab\u00a0d\u00e8s septembre\u00a0\u00bb<\/a> est apparu en premier sur <a rel=\"nofollow\" href=\"https:\/\/www.journalducameroun.com\/\">Journal du Cameroun<\/a>.<\/p>\n<\/div>\n<p>Auteur: APA News<br \/>\n<a href=\"https:\/\/www.journalducameroun.com\/securite-routiere-un-controle-plus-stricte-en-cote-divoire-des-septembre\/\">Cliquez ici pour lire l&rsquo;article depuis sa source.<\/a><\/p>\n","protected":false},"excerpt":{"rendered":"<p>Le Premier ministre ivoirien, Patrick Achi, a annonc\u00e9 mardi \u00e0 Abidjan un contr\u00f4le plus stricte et la r\u00e9pression des actes d&rsquo;incivisme sur les routes \u00ab\u00a0d\u00e8s septembre 2021\u00a0\u00bb. M. Patrick Achi a annonc\u00e9 cette mesure face \u00e0 la recrudescence des accidents sur l&rsquo;\u00e9tendue du territoire national en C\u00f4te d&rsquo;Ivoire, \u00e0 l&rsquo;occasion du lancement de la \u00ab\u00a0campagne [&hellip;]<\/p>\n","protected":false},"author":1965,"featured_media":0,"comment_status":"closed","ping_status":"closed","sticky":false,"template":"","format":"standard","meta":{"fifu_image_url":"https:\/\/www.journalducameroun.com\/wp-content\/uploads\/2021\/08\/16286302825537.jpg","fifu_image_alt":"S\u00e9curit\u00e9 routi\u00e8re: un contr\u00f4le plus stricte en C\u00f4te d\u2019Ivoire \u00ab\u00a0d\u00e8s septembre\u00a0\u00bb","footnotes":""},"categories":[73,82],"tags":[],"class_list":["post-123832","post","type-post","status-publish","format-standard","hentry","category-actualite","category-cameroun"],"_links":{"self":[{"href":"https:\/\/linitiative.ca\/International\/wp-json\/wp\/v2\/posts\/123832","targetHints":{"allow":["GET"]}}],"collection":[{"href":"https:\/\/linitiative.ca\/International\/wp-json\/wp\/v2\/posts"}],"about":[{"href":"https:\/\/linitiative.ca\/International\/wp-json\/wp\/v2\/types\/post"}],"author":[{"embeddable":true,"href":"https:\/\/linitiative.ca\/International\/wp-json\/wp\/v2\/users\/1965"}],"replies":[{"embeddable":true,"href":"https:\/\/linitiative.ca\/International\/wp-json\/wp\/v2\/comments?post=123832"}],"version-history":[{"count":0,"href":"https:\/\/linitiative.ca\/International\/wp-json\/wp\/v2\/posts\/123832\/revisions"}],"wp:attachment":[{"href":"https:\/\/linitiative.ca\/International\/wp-json\/wp\/v2\/media?parent=123832"}],"wp:term":[{"taxonomy":"category","embeddable":true,"href":"https:\/\/linitiative.ca\/International\/wp-json\/wp\/v2\/categories?post=123832"},{"taxonomy":"post_tag","embeddable":true,"href":"https:\/\/linitiative.ca\/International\/wp-json\/wp\/v2\/tags?post=123832"}],"curies":[{"name":"wp","href":"https:\/\/api.w.org\/{rel}","templated":true}]}}