{"id":123837,"date":"2021-08-10T14:43:15","date_gmt":"2021-08-10T18:43:15","guid":{"rendered":"https:\/\/linitiative.ca\/International\/environnement-greenpeace-plaide-pour-linterdiction-de-limportation-des-produits-de-deforestation\/"},"modified":"2021-08-10T14:43:15","modified_gmt":"2021-08-10T18:43:15","slug":"environnement-greenpeace-plaide-pour-linterdiction-de-limportation-des-produits-de-deforestation","status":"publish","type":"post","link":"https:\/\/linitiative.ca\/International\/environnement-greenpeace-plaide-pour-linterdiction-de-limportation-des-produits-de-deforestation\/","title":{"rendered":"Environnement : Greenpeace plaide pour l\u2019interdiction de l\u2019importation des produits de d\u00e9forestation"},"content":{"rendered":"<div>\n<p>Comme \u00e0 l\u2019accoutum\u00e9e, chaque 9 ao\u00fbt, le Cameroun se joint \u00e0 la communaut\u00e9 internationale pour c\u00e9l\u00e8bre la journ\u00e9e internationale des peuples autochtones. Cette ann\u00e9e elle avait pour th\u00e8me \u00ab\u00a0Ne laisser personne de c\u00f4t\u00e9\u00a0: les peuples autochtones et l\u2019appel \u00e0 un nouveau contrat social\u00a0\u00bb. Hormis les diff\u00e9rentes articulations organis\u00e9es par le minist\u00e8re des Affaires sociales, dans le cadre de cette c\u00e9l\u00e9bration, une particularit\u00e9 s\u2019y est ajout\u00e9e. Elle provient de l\u2019organisation non gouvernementale Greenpeace.<\/p>\n<p><strong>Lire aussi <\/strong>: <strong><a href=\"https:\/\/ecomatin.net\/la-societe-dhevea-sudcam-obtient-la-certification-iso-9001\/\">La soci\u00e9t\u00e9 d\u2019h\u00e9v\u00e9a Sudcam obtient la certification ISO 9001<\/a><\/strong><\/p>\n<p>En effet \u00e0 l\u2019occasion de cette journ\u00e9e, l\u2019ONG sp\u00e9cialis\u00e9e sur les questions environnementales \u00e9tait porteuse d\u2019un plaidoyer adress\u00e9 \u00e0 l\u2019attention du chef de la d\u00e9l\u00e9gation de l\u2019Union europ\u00e9enne (UE), au Cameroun. C\u2019est ainsi qu\u2019une d\u00e9l\u00e9gation d\u2019une dizaine de personnes constitu\u00e9e de repr\u00e9sentants de peuples autochtones, des membres de Greenpeace, arborant des T-shirts et une banderole sur laquelle l\u2019on pouvait lire \u00ab\u00a0Ne laisser personne de c\u00f4t\u00e9\u00a0: les peuples autochtones et l\u2019appel \u00e0 un nouveau contrat social. Les communaut\u00e9s autochtones et les jeunes demandent \u00e0 l\u2019Union europ\u00e9enne d\u2019interdire l\u2019importation du caoutchouc issu de la destruction de nos for\u00eats\u00a0\u00bb, se sont dirig\u00e9s en rang serr\u00e9 vers la repr\u00e9sentation de l\u2019UE au quartier Nlongkak. Ceci pour remettre au Chef de la d\u00e9l\u00e9gation europ\u00e9enne, Philippe Van Damme, leurs dol\u00e9ances couch\u00e9es sur une lettre.<\/p>\n<p><strong>Lire aussi<\/strong> : <strong><a href=\"https:\/\/ecomatin.net\/financement-polemique-autour-des-14-milliards-alloues-a-sudcam\/\">Financement : pol\u00e9mique autour des 14 milliards allou\u00e9s \u00e0 Sudcam<\/a><\/strong><\/p>\n<p>Interdire l\u2019importation des produits issus de la d\u00e9forestation, est alors la principale revendication de l\u2019ONG, \u00ab\u00a0Nous vous adressons cette correspondance pour demander \u00e0 la Commission europ\u00e9enne de pr\u00e9senter rapidement une l\u00e9gislation ambitieuse et efficace sur les produits de base pr\u00e9sentant un risque pour les for\u00eats et les \u00e9cosyst\u00e8mes. L\u2019objectif est de mettre fin \u00e0 la complicit\u00e9 de l\u2019UE dans la destruction des for\u00eats au Cameroun et d\u2019autres \u00e9cosyst\u00e8mes et dans les violations des droits de l\u2019homme et des droits des populations autochtones qui en d\u00e9coulent\u00a0\u00bb, comme on peut le lire dans la lettre adress\u00e9e \u00e0 Philippe Van Damme. Avec en ligne de mire de ces produits le caoutchouc. \u00ab\u00a0Nous aimerions \u00e9galement vous alerter sur l\u2019importance cruciale d\u2019inclure le caoutchouc dans le champ d\u2019application de la l\u00e9gislation, \u00e0 la lumi\u00e8re des effets n\u00e9fastes que la production de ce produit a sur les personnes et l\u2019environnement au Cameroun\u00a0\u00bb, lit-on.<\/p>\n<p><strong>D\u00e9m\u00eal\u00e9 avec Sudcam<\/strong><\/p>\n<p>L\u2019autre point \u00e9voqu\u00e9 dans la lettre remise au chef de la d\u00e9l\u00e9gation de l\u2019Union europ\u00e9enne au Cameroun, est le cas Sudcam. L\u2019on se souvient que l\u2019ONG est \u00e0 porte \u00e0 faux avec la filiale camerounaise de l\u2019entreprise Halcon Agri bas\u00e9e \u00e0 Singapour. L\u2019ONG r\u00e9v\u00e8le notamment que l\u2019entreprise a d\u00e9j\u00e0 eu \u00e0 d\u00e9truire 10\u00a0000 hectares de for\u00eats dans le Sud Cameroun, d\u00e9localisant ainsi les peuples qui y vivent. Chose qui n\u2019est pas tr\u00e8s bien accueilli aupr\u00e8s de ces populations jug\u00e9es minoritaires qui\u00a0\u00a0vivent le plus souvent dans ces zones. Le souhait \u00e9mis \u00e9tant \u00ab\u00a0Comme il y\u2019a encore de la for\u00eat qui n\u2019est pas touch\u00e9e par Sudcam, nous voulons que le gouvernement veille dessus pour les jours futurs, pour que nous continuons \u00e0 vivre et ne pas avoir de difficult\u00e9s. Nous avons constat\u00e9 des exploitations ill\u00e9gales de bois que nous utilisons pour la pharmacop\u00e9e et si cela continue on entrevoit d\u00e9j\u00e0 notre mort\u00a0\u00bb, confie Nkolo Thade, homme Baka.<\/p>\n<p><strong>Lire aussi<\/strong> : <strong><a href=\"https:\/\/ecomatin.net\/projet-agro-industriel-de-campo-camvert-et-les-populations-toujours-a-couteaux-tires\/\">Projet agro-industriel de campo : Camvert et les populations toujours \u00e0 couteaux tir\u00e9s<\/a><\/strong><\/p>\n<p>L\u2019article <a rel=\"nofollow\" href=\"https:\/\/ecomatin.net\/environnement-greenpeace-plaide-pour-linterdiction-de-limportation-des-produits-de-deforestation\/\">Environnement : Greenpeace plaide pour l\u2019interdiction de l\u2019importation des produits de d\u00e9forestation<\/a> est apparu en premier sur <a rel=\"nofollow\" href=\"https:\/\/ecomatin.net\/\">EcoMatin<\/a>.<\/p>\n<\/div>\n<p>Auteur: Cindy MBALA<br \/>\n<a href=\"https:\/\/ecomatin.net\/environnement-greenpeace-plaide-pour-linterdiction-de-limportation-des-produits-de-deforestation\/\">Cliquez ici pour lire l&rsquo;article depuis sa source.<\/a><\/p>\n","protected":false},"excerpt":{"rendered":"<p>Comme \u00e0 l\u2019accoutum\u00e9e, chaque 9 ao\u00fbt, le Cameroun se joint \u00e0 la communaut\u00e9 internationale pour c\u00e9l\u00e8bre la journ\u00e9e internationale des peuples autochtones. Cette ann\u00e9e elle avait pour th\u00e8me \u00ab\u00a0Ne laisser personne de c\u00f4t\u00e9\u00a0: les peuples autochtones et l\u2019appel \u00e0 un nouveau contrat social\u00a0\u00bb. Hormis les diff\u00e9rentes articulations organis\u00e9es par le minist\u00e8re des Affaires sociales, dans [&hellip;]<\/p>\n","protected":false},"author":1969,"featured_media":0,"comment_status":"closed","ping_status":"closed","sticky":false,"template":"","format":"standard","meta":{"fifu_image_url":"","fifu_image_alt":"","footnotes":""},"categories":[82,78],"tags":[],"class_list":["post-123837","post","type-post","status-publish","format-standard","hentry","category-cameroun","category-economie"],"_links":{"self":[{"href":"https:\/\/linitiative.ca\/International\/wp-json\/wp\/v2\/posts\/123837","targetHints":{"allow":["GET"]}}],"collection":[{"href":"https:\/\/linitiative.ca\/International\/wp-json\/wp\/v2\/posts"}],"about":[{"href":"https:\/\/linitiative.ca\/International\/wp-json\/wp\/v2\/types\/post"}],"author":[{"embeddable":true,"href":"https:\/\/linitiative.ca\/International\/wp-json\/wp\/v2\/users\/1969"}],"replies":[{"embeddable":true,"href":"https:\/\/linitiative.ca\/International\/wp-json\/wp\/v2\/comments?post=123837"}],"version-history":[{"count":0,"href":"https:\/\/linitiative.ca\/International\/wp-json\/wp\/v2\/posts\/123837\/revisions"}],"wp:attachment":[{"href":"https:\/\/linitiative.ca\/International\/wp-json\/wp\/v2\/media?parent=123837"}],"wp:term":[{"taxonomy":"category","embeddable":true,"href":"https:\/\/linitiative.ca\/International\/wp-json\/wp\/v2\/categories?post=123837"},{"taxonomy":"post_tag","embeddable":true,"href":"https:\/\/linitiative.ca\/International\/wp-json\/wp\/v2\/tags?post=123837"}],"curies":[{"name":"wp","href":"https:\/\/api.w.org\/{rel}","templated":true}]}}