{"id":123839,"date":"2021-08-11T11:00:12","date_gmt":"2021-08-11T15:00:12","guid":{"rendered":"https:\/\/linitiative.ca\/International\/universite-abdelmalek-essaadi-lancement-de-la-pre-inscription-en-ligne-pour-lannee-2021-2022\/"},"modified":"2021-08-11T11:00:12","modified_gmt":"2021-08-11T15:00:12","slug":"universite-abdelmalek-essaadi-lancement-de-la-pre-inscription-en-ligne-pour-lannee-2021-2022","status":"publish","type":"post","link":"https:\/\/linitiative.ca\/International\/universite-abdelmalek-essaadi-lancement-de-la-pre-inscription-en-ligne-pour-lannee-2021-2022\/","title":{"rendered":"Universit\u00e9 Abdelmalek Essa\u00e2di : Lancement de la pr\u00e9-inscription  en ligne pour l\u2019ann\u00e9e 2021-2022"},"content":{"rendered":"<div>\n<p><img decoding=\"async\" width=\"300\" height=\"153\" src=\"https:\/\/linitiative.ca\/International\/wp-content\/uploads\/sites\/23\/2021\/08\/universite_abdelmalek_essaidi_tetouan_trt-300x153-1.jpg\" class=\"attachment-medium size-medium wp-post-image\" alt=\"\" loading=\"lazy\" srcset=\"\/\/aujourdhui.ma\/wp-content\/uploads\/2021\/08\/universite_abdelmalek_essaidi_tetouan_trt-300x153.jpg 300w, \/\/aujourdhui.ma\/wp-content\/uploads\/2021\/08\/universite_abdelmalek_essaidi_tetouan_trt-274x140.jpg 274w, \/\/aujourdhui.ma\/wp-content\/uploads\/2021\/08\/universite_abdelmalek_essaidi_tetouan_trt.jpg 746w, \/\/aujourdhui.ma\/wp-content\/uploads\/2021\/08\/universite_abdelmalek_essaidi_tetouan_trt-165x84.jpg 165w, \/\/aujourdhui.ma\/wp-content\/uploads\/2021\/08\/universite_abdelmalek_essaidi_tetouan_trt-702x358.jpg 702w\" sizes=\"auto, (max-width: 300px) 100vw, 300px\"><\/p>\n<p><span style=\"color: #800000;\"><strong>L\u2019Universit\u00e9 Abdelmalek Essa\u00e2di (UAE) a annonc\u00e9 le lancement de la pr\u00e9-inscription en ligne des bacheliers pour l\u2019ann\u00e9e universitaire 2021-2022.<\/strong><\/span><span id=\"more-383807\"><\/span><\/p>\n<p>Selon un communiqu\u00e9 de l\u2019Universit\u00e9, il est n\u00e9cessaire de disposer d\u2019une adresse e-mail personnelle valide pour pouvoir utiliser ce service. Apr\u00e8s avoir renseign\u00e9 le formulaire de pr\u00e9-inscription, les bacheliers recevront par email un re\u00e7u qu\u2019ils peuvent imprimer et pr\u00e9senter au niveau des services de scolarit\u00e9 afin d\u2019opter pour une inscription d\u00e9finitive, a pr\u00e9cis\u00e9 la m\u00eame source. \u00abPour les int\u00e9ress\u00e9s, veuillez consulter la plateforme de la pr\u00e9-inscription en ligne de l\u2019UAE \u00e0 partir du lien suivant: http:\/\/pre-inscription.uae.ac.ma\/\u00bb, a conclu le communiqu\u00e9.<\/p>\n<\/div>\n<p>Auteur: ALM<br \/>\n<a href=\"https:\/\/aujourdhui.ma\/actualite\/universite-abdelmalek-essaadi-lancement-de-la-pre-inscription-en-ligne-pour-lannee-2021-2022\">Cliquez ici pour lire l&rsquo;article depuis sa source.<\/a><\/p>\n","protected":false},"excerpt":{"rendered":"<p>L\u2019Universit\u00e9 Abdelmalek Essa\u00e2di (UAE) a annonc\u00e9 le lancement de la pr\u00e9-inscription en ligne des bacheliers pour l\u2019ann\u00e9e universitaire 2021-2022. Selon un communiqu\u00e9 de l\u2019Universit\u00e9, il est n\u00e9cessaire de disposer d\u2019une adresse e-mail personnelle valide pour pouvoir utiliser ce service. Apr\u00e8s avoir renseign\u00e9 le formulaire de pr\u00e9-inscription, les bacheliers recevront par email un re\u00e7u qu\u2019ils peuvent [&hellip;]<\/p>\n","protected":false},"author":1759,"featured_media":0,"comment_status":"closed","ping_status":"closed","sticky":false,"template":"","format":"standard","meta":{"fifu_image_url":"https:\/\/aujourdhui.ma\/wp-content\/uploads\/2021\/08\/universite_abdelmalek_essaidi_tetouan_trt-300x153.jpg","fifu_image_alt":"Universit\u00e9 Abdelmalek Essa\u00e2di : Lancement de la pr\u00e9-inscription  en ligne pour l\u2019ann\u00e9e 2021-2022","footnotes":""},"categories":[73,54],"tags":[],"class_list":["post-123839","post","type-post","status-publish","format-standard","hentry","category-actualite","category-maroc"],"_links":{"self":[{"href":"https:\/\/linitiative.ca\/International\/wp-json\/wp\/v2\/posts\/123839","targetHints":{"allow":["GET"]}}],"collection":[{"href":"https:\/\/linitiative.ca\/International\/wp-json\/wp\/v2\/posts"}],"about":[{"href":"https:\/\/linitiative.ca\/International\/wp-json\/wp\/v2\/types\/post"}],"author":[{"embeddable":true,"href":"https:\/\/linitiative.ca\/International\/wp-json\/wp\/v2\/users\/1759"}],"replies":[{"embeddable":true,"href":"https:\/\/linitiative.ca\/International\/wp-json\/wp\/v2\/comments?post=123839"}],"version-history":[{"count":0,"href":"https:\/\/linitiative.ca\/International\/wp-json\/wp\/v2\/posts\/123839\/revisions"}],"wp:attachment":[{"href":"https:\/\/linitiative.ca\/International\/wp-json\/wp\/v2\/media?parent=123839"}],"wp:term":[{"taxonomy":"category","embeddable":true,"href":"https:\/\/linitiative.ca\/International\/wp-json\/wp\/v2\/categories?post=123839"},{"taxonomy":"post_tag","embeddable":true,"href":"https:\/\/linitiative.ca\/International\/wp-json\/wp\/v2\/tags?post=123839"}],"curies":[{"name":"wp","href":"https:\/\/api.w.org\/{rel}","templated":true}]}}