{"id":123843,"date":"2021-08-11T08:30:27","date_gmt":"2021-08-11T12:30:27","guid":{"rendered":"https:\/\/linitiative.ca\/International\/le-potentiel-national-a-capitaliser\/"},"modified":"2021-08-11T08:30:27","modified_gmt":"2021-08-11T12:30:27","slug":"le-potentiel-national-a-capitaliser","status":"publish","type":"post","link":"https:\/\/linitiative.ca\/International\/le-potentiel-national-a-capitaliser\/","title":{"rendered":"Le potentiel national \u00e0 capitaliser!"},"content":{"rendered":"<div>\n<p class=\"has-text-color\" style=\"color:#0644e5\"><strong>Il ne fait pas de doute que notre pays s\u2019\u00e9rige en force incontestable dans la r\u00e9gion, au point de susciter le malaise de ses voisins, aussi bien de l\u2019est que l\u2019outre-mer. Son potentiel tant naturel que structurel lui conf\u00e8re, sans doute, de l\u2019aura universel. Surtout que la premi\u00e8re puissance mondiale s\u2019en \u00abimpressionne\u00bb et s\u2019y met \u00e0 bras-le-corps en sa faveur par, entre autres, la reconnaissance de la marocanit\u00e9 du Sahara.<\/strong><\/p>\n<p>En plus, \u00a0il est bien clair que la stabilit\u00e9 dont jouit la nation \u00e0 travers l\u2019Histoire est indiscutable, en d\u00e9pit des turbulences qui peuvent se produire, en cours de chemin. Pour assurer la p\u00e9rennit\u00e9 de cet atout de taille, il serait beaucoup plus loisible de grever les produits de luxe afin de consolider davantage le PIB en structurant, tout d\u2019abord, le secteur informel qui, \u00e0 coup s\u00fbr, affecte l\u2019\u00e9conomie nationale et l\u2019engouffre dans des modes d\u00e9stabilisants.<\/p>\n<p>Notre pays poss\u00e8de tous les moyens \u00e0 m\u00eame de mettre, \u00e0 notre profit, toutes les conditions de d\u00e9veloppement multiformes. La qui\u00e9tude, la solvabilit\u00e9\u2026 sont autant d\u2019aptitudes qu\u2019il ne cesse de brandir dans l\u2019\u00e9chiquier plan\u00e9taire. Cependant, des boules de fer continuent, malheureusement, de freiner cet entrain salutaire. Les r\u00e9formes des syst\u00e8mes d\u2019imp\u00f4t, de retraite, de compensation tardent \u00e0 s\u2019accomplir. Il convient dans cette phase cruciale, que traverse notre pays, de mobiliser les \u00e9nergies et de mutualiser les gains et les pertes, dans la paix et la communion, pour la mise en avant d\u2019une r\u00e9habilitation durable, ax\u00e9e sur l\u2019esprit de globalit\u00e9 et de traitement syst\u00e9mique.<\/p>\n<p>Tout d\u2019abord, la neutralit\u00e9 de la TVA n\u2019est nullement compatible avec notre r\u00e9alit\u00e9 \u00e9conomique nationale. Concernant les retraites, il va falloir proc\u00e9der \u00e0 une revalorisation du syst\u00e8me, \u00e0 travers une approche globalis\u00e9e. De m\u00eame, le fonds de compensation se devrait \u00eatre hi\u00e9rarchis\u00e9 selon les r\u00e9gions et les mati\u00e8res. Dans la foul\u00e9e de ces contraintes qui ralentissent cruellement notre d\u00e9collage, il y a lieu de solutionner pour de bon les probl\u00e9matiques de l\u2019\u00e9ducation, de la sant\u00e9, de la justice, de l\u2019administration\u2026Ces blocages, rel\u00e8vent, en premier lieu, du d\u00e9ficit de l\u2019acteur politique dans notre pays.<\/p>\n<p>A ce propos, vu le parcours de la vie politique, marqu\u00e9e, par la \u00abfabrication\u00bb de cr\u00e9atures partisanes, l\u2019affront belliqueux entre partis, il convient de souligner qu\u2019il est grand temps d\u2019\u00e9voquer tout ce pass\u00e9 \u00abfratricide\u00bb qui nous a caus\u00e9 beaucoup de retard et d\u2019animosit\u00e9. Notre pays a beaucoup plus besoin de partis forts et l\u00e9gitimes, se focalisant sur l\u2019essentiel et non l\u2019artificiel. Nombre de chantiers sont ouverts et il est imp\u00e9ratif de s\u2019y atteler avec ardeur et civisme, en premier lieu notre int\u00e9grit\u00e9 territoriale, plus que jamais proche de la d\u00e9livrance et dont le salut ne viendra que par le renforcement de notre front int\u00e9rieur.<\/p>\n<p>L\u2019article <a rel=\"nofollow\" href=\"http:\/\/albayane.press.ma\/le-potentiel-national-a-capitaliser.html\">Le potentiel national \u00e0 capitaliser!<\/a> est apparu en premier sur <a rel=\"nofollow\" href=\"http:\/\/albayane.press.ma\/\">ALBAYANE<\/a>.<\/p>\n<\/div>\n<p>Auteur: M&rsquo;hammed rahal<br \/>\n<a href=\"http:\/\/albayane.press.ma\/le-potentiel-national-a-capitaliser.html\">Cliquez ici pour lire l&rsquo;article depuis sa source.<\/a><\/p>\n","protected":false},"excerpt":{"rendered":"<p>Il ne fait pas de doute que notre pays s\u2019\u00e9rige en force incontestable dans la r\u00e9gion, au point de susciter le malaise de ses voisins, aussi bien de l\u2019est que l\u2019outre-mer. Son potentiel tant naturel que structurel lui conf\u00e8re, sans doute, de l\u2019aura universel. Surtout que la premi\u00e8re puissance mondiale s\u2019en \u00abimpressionne\u00bb et s\u2019y met [&hellip;]<\/p>\n","protected":false},"author":1760,"featured_media":0,"comment_status":"closed","ping_status":"closed","sticky":false,"template":"","format":"standard","meta":{"fifu_image_url":"","fifu_image_alt":"","footnotes":""},"categories":[73,54],"tags":[],"class_list":["post-123843","post","type-post","status-publish","format-standard","hentry","category-actualite","category-maroc"],"_links":{"self":[{"href":"https:\/\/linitiative.ca\/International\/wp-json\/wp\/v2\/posts\/123843","targetHints":{"allow":["GET"]}}],"collection":[{"href":"https:\/\/linitiative.ca\/International\/wp-json\/wp\/v2\/posts"}],"about":[{"href":"https:\/\/linitiative.ca\/International\/wp-json\/wp\/v2\/types\/post"}],"author":[{"embeddable":true,"href":"https:\/\/linitiative.ca\/International\/wp-json\/wp\/v2\/users\/1760"}],"replies":[{"embeddable":true,"href":"https:\/\/linitiative.ca\/International\/wp-json\/wp\/v2\/comments?post=123843"}],"version-history":[{"count":0,"href":"https:\/\/linitiative.ca\/International\/wp-json\/wp\/v2\/posts\/123843\/revisions"}],"wp:attachment":[{"href":"https:\/\/linitiative.ca\/International\/wp-json\/wp\/v2\/media?parent=123843"}],"wp:term":[{"taxonomy":"category","embeddable":true,"href":"https:\/\/linitiative.ca\/International\/wp-json\/wp\/v2\/categories?post=123843"},{"taxonomy":"post_tag","embeddable":true,"href":"https:\/\/linitiative.ca\/International\/wp-json\/wp\/v2\/tags?post=123843"}],"curies":[{"name":"wp","href":"https:\/\/api.w.org\/{rel}","templated":true}]}}