{"id":123844,"date":"2021-08-11T08:37:01","date_gmt":"2021-08-11T12:37:01","guid":{"rendered":"https:\/\/linitiative.ca\/International\/le-pass-sanitaire-cree-des-remous\/"},"modified":"2021-08-11T08:37:01","modified_gmt":"2021-08-11T12:37:01","slug":"le-pass-sanitaire-cree-des-remous","status":"publish","type":"post","link":"https:\/\/linitiative.ca\/International\/le-pass-sanitaire-cree-des-remous\/","title":{"rendered":"Le pass sanitaire cr\u00e9e des remous"},"content":{"rendered":"<div>\n<p class=\"has-text-align-center has-vivid-red-color has-text-color\">En vigueur en France depuis lundi<\/p>\n<p class=\"has-text-align-right\"><strong>Romuald Djabioh<\/strong><\/p>\n<p class=\"has-text-color\" style=\"color:#062ce5\"><strong>Vot\u00e9 par le Parlement fran\u00e7ais r\u00e9cemment, mais toujours contest\u00e9 \u00e0 ce jour par une frange partie de la population fran\u00e7aise, le pass sanitaire est entr\u00e9 en vigueur le lundi 9 ao\u00fbt en France.<\/strong><\/p>\n<p>En effet, d\u00e8s l\u2019annonce de la mise en application de ce dernier par les autorit\u00e9s fran\u00e7aises en date du 9 ao\u00fbt, plusieurs manifestations n\u2019ont pas manqu\u00e9 de se faire valoir. Nombre de personnalit\u00e9s politiques, de la soci\u00e9t\u00e9 civile et bien d\u2019autres, ont appel\u00e9 au boycott d\u2019une telle initiative aux travers \u00a0d\u2019actions pacifiques, la trouvant inappropri\u00e9e et contraire aux libert\u00e9s individuelles.<\/p>\n<p>Mais peut-on dire que lesdits appels ont trouv\u00e9 un \u00e9cho favorable et permis de contrecarrer l\u2019application du pass sanitaire\u00a0sur l\u2019ensemble de territoire fran\u00e7ais\u00a0?\u00a0 De prime abord, tout porte \u00e0 croire que non, dans la mesure o\u00f9 malgr\u00e9 de multiples protestations enregistr\u00e9es r\u00e9cemment, ladite mesure a bel et bien \u00e9t\u00e9 act\u00e9e.<\/p>\n<p>Depuis peu, le pass sanitaire est devenu un s\u00e9same. Dor\u00e9navant, pour prendre un caf\u00e9, s\u2019attabler dans un restaurant o\u00f9\u00a0 aller au cin\u00e9\u00a0; sans ce dernier, il est quasiment impossible d\u2019y avoir acc\u00e8s. \u00a0\u00c0 la Brasserie du passage Saint-Michel de Bordeaux, a-t-on appris par l\u2019AFP, le patron, St\u00e9phane Latour, aurait refus\u00e9 de servir en terrasse une jeune femme, pourtant cliente habituelle, soutenant l\u2019id\u00e9e selon laquelle, elle n\u2019aurait pas encore re\u00e7u sa deuxi\u00e8me dose de vaccin.<\/p>\n<p>Par ailleurs, bien que certaines personnes font preuve de scepticisme \u00e0 l\u2019\u00e9gard de cette d\u00e9cision, il n\u2019en demeure pas moins que d\u2019autres pensent le contraire et s\u2019y mettent afin d\u2019avoir le pr\u00e9cieux document. Attabl\u00e9 au caf\u00e9 Danton du VIe arrondissement de Paris, Jean-Nicolas Beauvais, 67 ans, poss\u00e8de bien le pr\u00e9cieux s\u00e9same et d\u00e9guste tartines et caf\u00e9 au lait. \u00abMoi je suis vaccin\u00e9, \u00e7a ne change pas grand chose de montrer mon pass \u00e0 l\u2019entr\u00e9e\u00bb, a rapport\u00e9 la m\u00eame source.<\/p>\n<p>A titre d\u2019information, selon cette source concordante, le pass sanitaire\u00a0\u00abdoit t\u00e9moigner soit d\u2019un sch\u00e9ma vaccinal complet, soit du r\u00e9tablissement du malade \u00e0 travers un certificat de test positif d\u2019au moins 11 jours et de moins de 6 mois. Soit enfin d\u2019un test n\u00e9gatif datant de moins de 72 heures\u00bb. Et d\u2019ajouter \u00able pass sanitaire l\u2019est aussi dans les transports longue distance: les contr\u00f4les \u00abseront massifs, ils ne seront pas syst\u00e9matiques\u00bb pour les 400.000 voyageurs par jour dans les trains\u00bb.<\/p>\n<p>Il est \u00e0 rappel\u00e9 que le pass sanitaire est \u00e9ligible depuis le 21 juillet \u00e0 l\u2019entr\u00e9e de plusieurs lieux de culture et de loisirs (foires, festivals, stades, salles de gym\u2026) accueillant plus de 50 personnes en France et dans nombre de pays europ\u00e9ens.<\/p>\n<p>L\u2019article <a rel=\"nofollow\" href=\"http:\/\/albayane.press.ma\/le-pass-sanitaire-cree-des-remous.html\">Le pass sanitaire cr\u00e9e des remous<\/a> est apparu en premier sur <a rel=\"nofollow\" href=\"http:\/\/albayane.press.ma\/\">ALBAYANE<\/a>.<\/p>\n<\/div>\n<p>Auteur: M&rsquo;hammed rahal<br \/>\n<a href=\"http:\/\/albayane.press.ma\/le-pass-sanitaire-cree-des-remous.html\">Cliquez ici pour lire l&rsquo;article depuis sa source.<\/a><\/p>\n","protected":false},"excerpt":{"rendered":"<p>En vigueur en France depuis lundi Romuald Djabioh Vot\u00e9 par le Parlement fran\u00e7ais r\u00e9cemment, mais toujours contest\u00e9 \u00e0 ce jour par une frange partie de la population fran\u00e7aise, le pass sanitaire est entr\u00e9 en vigueur le lundi 9 ao\u00fbt en France. En effet, d\u00e8s l\u2019annonce de la mise en application de ce dernier par les [&hellip;]<\/p>\n","protected":false},"author":1760,"featured_media":0,"comment_status":"closed","ping_status":"closed","sticky":false,"template":"","format":"standard","meta":{"fifu_image_url":"","fifu_image_alt":"","footnotes":""},"categories":[73,54],"tags":[],"class_list":["post-123844","post","type-post","status-publish","format-standard","hentry","category-actualite","category-maroc"],"_links":{"self":[{"href":"https:\/\/linitiative.ca\/International\/wp-json\/wp\/v2\/posts\/123844","targetHints":{"allow":["GET"]}}],"collection":[{"href":"https:\/\/linitiative.ca\/International\/wp-json\/wp\/v2\/posts"}],"about":[{"href":"https:\/\/linitiative.ca\/International\/wp-json\/wp\/v2\/types\/post"}],"author":[{"embeddable":true,"href":"https:\/\/linitiative.ca\/International\/wp-json\/wp\/v2\/users\/1760"}],"replies":[{"embeddable":true,"href":"https:\/\/linitiative.ca\/International\/wp-json\/wp\/v2\/comments?post=123844"}],"version-history":[{"count":0,"href":"https:\/\/linitiative.ca\/International\/wp-json\/wp\/v2\/posts\/123844\/revisions"}],"wp:attachment":[{"href":"https:\/\/linitiative.ca\/International\/wp-json\/wp\/v2\/media?parent=123844"}],"wp:term":[{"taxonomy":"category","embeddable":true,"href":"https:\/\/linitiative.ca\/International\/wp-json\/wp\/v2\/categories?post=123844"},{"taxonomy":"post_tag","embeddable":true,"href":"https:\/\/linitiative.ca\/International\/wp-json\/wp\/v2\/tags?post=123844"}],"curies":[{"name":"wp","href":"https:\/\/api.w.org\/{rel}","templated":true}]}}