{"id":123845,"date":"2021-08-11T08:41:51","date_gmt":"2021-08-11T12:41:51","guid":{"rendered":"https:\/\/linitiative.ca\/International\/cote-divoire-le-grand-retour-de-laurent-gbagbo\/"},"modified":"2021-08-11T08:41:51","modified_gmt":"2021-08-11T12:41:51","slug":"cote-divoire-le-grand-retour-de-laurent-gbagbo","status":"publish","type":"post","link":"https:\/\/linitiative.ca\/International\/cote-divoire-le-grand-retour-de-laurent-gbagbo\/","title":{"rendered":"C\u00f4te d\u2019Ivoire : Le grand retour de Laurent Gbagbo"},"content":{"rendered":"<div>\n<p class=\"has-text-align-center has-vivid-red-color has-text-color\"><strong>Attendons pour voir\u2026<\/strong><\/p>\n<p class=\"has-text-align-right\"><strong>Nabil El Bousaadi<\/strong><\/p>\n<p class=\"has-text-color\" style=\"color:#0644e5\"><strong>Arr\u00eat\u00e9 \u00e0 Abidjan en Avril 2011 puis poursuivi, par la suite, par la Cour P\u00e9nale Internationale (CPI) pour les \u00ab crimes contre l\u2019humanit\u00e9 \u00bb dont il avait \u00e9t\u00e9 reconnu coupable \u00e0 l\u2019issue des \u00e9lections pr\u00e9sidentielles de 2010, l\u2019ancien pr\u00e9sident ivoirien Laurent Gbagbo a finalement \u00e9t\u00e9 acquitt\u00e9 le 31 mars dernier de toutes les charges initialement retenues contre lui.<\/strong><\/p>\n<p>Mais si, apr\u00e8s son retour en C\u00f4te d\u2019Ivoire le 17 Juin dernier, l\u2019int\u00e9ress\u00e9 a rencontr\u00e9 son vieux rival, le pr\u00e9sident Alassane Ouattara le 27 juillet 2021 au palais pr\u00e9sidentiel d\u2019Abidjan, apr\u00e8s avoir rencontr\u00e9, \u00e0 Daoukro, l\u2019autre ancien pr\u00e9sident et actuel chef de l\u2019opposition, Henri Konan B\u00e9di\u00e9, il n\u2019a eu, en revanche, aucune rencontre avec son ancien compagnon de route Pascal Affi N\u2019Guessan.<\/p>\n<p>Aussi, le divorce entre les deux hommes a-t-il \u00e9t\u00e9 officiellement consomm\u00e9 ce lundi 9 Ao\u00fbt \u00e0 l\u2019issue d\u2019une r\u00e9union du Comit\u00e9 Central du Front Populaire Ivoirien (FPI), fond\u00e9 par Laurent Gbagbo.<\/p>\n<p>Pour rappel, depuis la crise de 2010\/2011 qui avait fait quelques 3.000 morts \u00e0 la suite du refus de Laurent Gbagbo de reconna\u00eetre sa d\u00e9faite \u00e0 la pr\u00e9sidentielle face \u00e0 Alassane Ouattara, le FPI est divis\u00e9 en deux camps ; \u00e0 savoir celui dit \u00abl\u00e9gal\u00bb de Pascal Affi N\u2019Guessan et celui du \u00abGor\u00bb (Gbagbo ou rien) de l\u2019ancien pr\u00e9sident ivoirien.<\/p>\n<p>Aussi, en usant de mots tr\u00e8s durs \u00e0 l\u2019encontre de son ancien alli\u00e9 auquel il reproche\u00a0 de s\u2019\u00eatre arc-bout\u00e9 sur une soi-disant \u00abl\u00e9galit\u00e9\u00bb et d\u2019avoir \u00ab confisqu\u00e9 \u00bb le seul instrument de lutte politique en d\u00e9pit des \u00abnombreuses initiatives pour le raisonner\u00bb, Laurent Gbagbo, a finalement ent\u00e9rin\u00e9 la rupture qui \u00e9tait apparue dix ann\u00e9es auparavant.<\/p>\n<p>Ayant donc \u00ab pris acte de la volont\u00e9 et de l\u2019obstination de Monsieur Affi N\u2019Guessan de prendre en otage le Front Populaire Ivoirien \u00bb, mais n\u2019entendant pas, n\u00e9anmoins, s\u2019engager dans une bataille juridique avec son ancien alli\u00e9, Laurent Gbagbo a donc d\u00e9cid\u00e9 de cr\u00e9er un \u00abnouveau parti\u00bb qui soit un nouvel instrument de lutte conforme \u00e0 son id\u00e9ologie et \u00e0 ses ambitions.<\/p>\n<p>Mais en d\u00e9non\u00e7ant \u00abune d\u00e9cision dict\u00e9e essentiellement par la soif de pouvoir et la volont\u00e9 de revanche\u00bb, Affi N\u2019Guessan qui entend \u00abpoursuivre (sa) mission pour la renaissance du parti en vue de la reconqu\u00eate du pouvoir en 2025\u00bb, r\u00e9torquera qu\u2019au dialogue en vue de l\u2019unit\u00e9 du FPI, Laurent Gbagbo a choisi \u00abla rupture et la division\u00bb et \u00abenterr\u00e9\u00bb l\u2019espoir qu\u2019avaient les militants en une unit\u00e9 de la gauche. Raison pour laquelle ce dernier endossera, \u00abdevant ses compatriotes et devant l\u2019histoire, la responsabilit\u00e9 du schisme qui marque, d\u00e9sormais, l\u2019\u00e9pop\u00e9e du FPI\u00bb.<\/p>\n<p>Est-ce \u00e0 dire qu\u2019apr\u00e8s dix ans d\u2019absence, l\u2019ancien pr\u00e9sident ivoirien Laurent Gbagbo a fait son grand retour en politique en tranchant dans le vif dans le d\u00e9bat sur le contr\u00f4le du FPI qu\u2019il avait cofond\u00e9 ? Attendons pour voir\u2026<\/p>\n<p>L\u2019article <a rel=\"nofollow\" href=\"http:\/\/albayane.press.ma\/cote-divoire-le-grand-retour-de-laurent-gbagbo.html\">C\u00f4te d\u2019Ivoire : Le grand retour de Laurent Gbagbo<\/a> est apparu en premier sur <a rel=\"nofollow\" href=\"http:\/\/albayane.press.ma\/\">ALBAYANE<\/a>.<\/p>\n<\/div>\n<p>Auteur: M&rsquo;hammed rahal<br \/>\n<a href=\"http:\/\/albayane.press.ma\/cote-divoire-le-grand-retour-de-laurent-gbagbo.html\">Cliquez ici pour lire l&rsquo;article depuis sa source.<\/a><\/p>\n","protected":false},"excerpt":{"rendered":"<p>Attendons pour voir\u2026 Nabil El Bousaadi Arr\u00eat\u00e9 \u00e0 Abidjan en Avril 2011 puis poursuivi, par la suite, par la Cour P\u00e9nale Internationale (CPI) pour les \u00ab crimes contre l\u2019humanit\u00e9 \u00bb dont il avait \u00e9t\u00e9 reconnu coupable \u00e0 l\u2019issue des \u00e9lections pr\u00e9sidentielles de 2010, l\u2019ancien pr\u00e9sident ivoirien Laurent Gbagbo a finalement \u00e9t\u00e9 acquitt\u00e9 le 31 mars [&hellip;]<\/p>\n","protected":false},"author":1760,"featured_media":0,"comment_status":"closed","ping_status":"closed","sticky":false,"template":"","format":"standard","meta":{"fifu_image_url":"","fifu_image_alt":"","footnotes":""},"categories":[73,54],"tags":[],"class_list":["post-123845","post","type-post","status-publish","format-standard","hentry","category-actualite","category-maroc"],"_links":{"self":[{"href":"https:\/\/linitiative.ca\/International\/wp-json\/wp\/v2\/posts\/123845","targetHints":{"allow":["GET"]}}],"collection":[{"href":"https:\/\/linitiative.ca\/International\/wp-json\/wp\/v2\/posts"}],"about":[{"href":"https:\/\/linitiative.ca\/International\/wp-json\/wp\/v2\/types\/post"}],"author":[{"embeddable":true,"href":"https:\/\/linitiative.ca\/International\/wp-json\/wp\/v2\/users\/1760"}],"replies":[{"embeddable":true,"href":"https:\/\/linitiative.ca\/International\/wp-json\/wp\/v2\/comments?post=123845"}],"version-history":[{"count":0,"href":"https:\/\/linitiative.ca\/International\/wp-json\/wp\/v2\/posts\/123845\/revisions"}],"wp:attachment":[{"href":"https:\/\/linitiative.ca\/International\/wp-json\/wp\/v2\/media?parent=123845"}],"wp:term":[{"taxonomy":"category","embeddable":true,"href":"https:\/\/linitiative.ca\/International\/wp-json\/wp\/v2\/categories?post=123845"},{"taxonomy":"post_tag","embeddable":true,"href":"https:\/\/linitiative.ca\/International\/wp-json\/wp\/v2\/tags?post=123845"}],"curies":[{"name":"wp","href":"https:\/\/api.w.org\/{rel}","templated":true}]}}