{"id":123846,"date":"2021-08-11T08:46:06","date_gmt":"2021-08-11T12:46:06","guid":{"rendered":"https:\/\/linitiative.ca\/International\/bresil-lopposition-denonce-une-intimidation-de-bolsonaro\/"},"modified":"2021-08-11T08:46:06","modified_gmt":"2021-08-11T12:46:06","slug":"bresil-lopposition-denonce-une-intimidation-de-bolsonaro","status":"publish","type":"post","link":"https:\/\/linitiative.ca\/International\/bresil-lopposition-denonce-une-intimidation-de-bolsonaro\/","title":{"rendered":"Br\u00e9sil: L\u2019opposition d\u00e9nonce une \u00abintimidation\u00bb de Bolsonaro"},"content":{"rendered":"<div>\n<p class=\"has-text-align-center has-vivid-red-color has-text-color\"><strong>Apr\u00e8s avoir assist\u00e9 \u00e0 un d\u00e9fil\u00e9 militaire<\/strong><\/p>\n<p class=\"has-vivid-cyan-blue-color has-text-color\"><strong>Le pr\u00e9sident br\u00e9silien Jair Bolsonaro a assist\u00e9, mardi, \u00e0 un d\u00e9fil\u00e9 militaire \u00e0 Brasilia, une activit\u00e9 qui a \u00e9t\u00e9 qualifi\u00e9e par l\u2019opposition d\u2019une tentative du leader de droite d\u2019\u00abintimider\u00bb le Congr\u00e8s qui vote un amendement du mode du scrutin.<\/strong><\/p>\n<p>Un convoi de v\u00e9hicules militaires blind\u00e9s des trois Forces arm\u00e9es a d\u00e9fil\u00e9 sur l\u2019Esplanade des Minist\u00e8res, principale avenue de la capitale br\u00e9silienne o\u00f9 se trouvent tous les b\u00e2timents des pouvoirs publics.<\/p>\n<p>Le d\u00e9fil\u00e9, organis\u00e9 par la Marine chaque ann\u00e9e depuis 1988 \u00e0 Formosa, \u00e0 environ 300 kilom\u00e8tres de Brasilia, s\u2019est tenu pour la premi\u00e8re fois \u00e0 Brasilia avec au passage une r\u00e9ception in\u00e9dite par le pr\u00e9sident de la R\u00e9publique.<\/p>\n<p>Accompagn\u00e9 des trois commandants des forces arm\u00e9es, Bolsonaro, un capitaine de la r\u00e9serve de l\u2019arm\u00e9e, a assist\u00e9 au d\u00e9fil\u00e9 depuis les portes du palais pr\u00e9sidentiel et a re\u00e7u une invitation \u00e0 assister \u00e0 l\u2019exercice militaire qui aura lieu le 16 ao\u00fbt \u00e0 Formosa.<\/p>\n<p>Le d\u00e9fil\u00e9 a \u00e9t\u00e9 durement critiqu\u00e9 par l\u2019opposition br\u00e9silienne, qui a accus\u00e9 Bolsonaro d\u2019avoir tent\u00e9 de faire une d\u00e9monstration de force, le jour m\u00eame o\u00f9 la Chambre des d\u00e9put\u00e9s commence l\u2019examen et le vote d\u2019une proposition du pr\u00e9sident de reprendre le vote sur papier, en compl\u00e9ment du syst\u00e8me \u00e9lectronique actuel.<\/p>\n<p>Bolsonaro, qui compte briguer un nouveau mandat l\u2019an prochain, insiste que l\u2019urne \u00e9lectronique encourage la \u00abfraude\u00bb et fait pression sur le Congr\u00e8s pour qu\u2019il approuve un syst\u00e8me permettant d\u2019imprimer en amant les bulletins de vote.<\/p>\n<p>\u00abIl est inacceptable que les Forces arm\u00e9es laissent ainsi exposer leur image, utilis\u00e9e pour sugg\u00e9rer l\u2019usage de la force en soutien \u00e0 la proposition antid\u00e9mocratique et de coup d\u2019\u00c9tat, d\u00e9fendue par le pr\u00e9sident de la R\u00e9publique\u00bb, ont soulign\u00e9 dans une d\u00e9claration, neuf partis de gauche et de centre-gauche, dont le Parti des travailleurs (PT) de l\u2019ancien pr\u00e9sident Luiz In\u00e1cio Lula da Silva.<\/p>\n<p>Le gouverneur de Sao Paulo, Joao Doria (centre-droit), un autre pressenti \u00e0 l\u2019\u00e9lection pr\u00e9sidentielle, a affirm\u00e9 que le \u00abd\u00e9fil\u00e9 sans pr\u00e9c\u00e9dent et inutile de chars de guerre\u00bb \u00e0 Brasilia est une \u00abmenace claire pour la d\u00e9mocratie\u00bb.<\/p>\n<p>\u00abL\u2019initiative fr\u00f4le \u00e0 nouveau l\u2019autoritarisme. Le Br\u00e9sil veut la d\u00e9mocratie, le respect de la Constitution et la libert\u00e9\u00bb, a d\u00e9clar\u00e9 Doria, principal d\u00e9tracteur de Bolsonaro dans le milieu conservateur.<\/p>\n<p>L\u2019ancien pr\u00e9sident de la Chambre des d\u00e9put\u00e9s, Rodrigo Maia, \u00e9galement du camp conservateur, a compar\u00e9 Bolsonaro \u00e0 l\u2019ancien pr\u00e9sident p\u00e9ruvien Alberto Fujimori. \u00abLe dernier pr\u00e9sident qui a invent\u00e9 les promenades en chars a mal fini : Alberto Fujimori, au P\u00e9rou\u00bb, a d\u00e9clar\u00e9 Maia.<\/p>\n<p>Au milieu des critiques croissantes, la Marine a soulign\u00e9 dans un communiqu\u00e9 que le d\u00e9fil\u00e9 \u00e9tait pr\u00e9vu avant le vote en s\u00e9ance pl\u00e9ni\u00e8re de la Chambre et qu\u2019il n\u2019y a donc pas de \u00abrapport\u00bb entre les deux \u00e9v\u00e9nements.<\/p>\n<p>L\u2019article <a rel=\"nofollow\" href=\"http:\/\/albayane.press.ma\/bresil-lopposition-denonce-une-intimidation-de-bolsonaro.html\">Br\u00e9sil: L\u2019opposition d\u00e9nonce une \u00abintimidation\u00bb de Bolsonaro<\/a> est apparu en premier sur <a rel=\"nofollow\" href=\"http:\/\/albayane.press.ma\/\">ALBAYANE<\/a>.<\/p>\n<\/div>\n<p>Auteur: M&rsquo;hammed rahal<br \/>\n<a href=\"http:\/\/albayane.press.ma\/bresil-lopposition-denonce-une-intimidation-de-bolsonaro.html\">Cliquez ici pour lire l&rsquo;article depuis sa source.<\/a><\/p>\n","protected":false},"excerpt":{"rendered":"<p>Apr\u00e8s avoir assist\u00e9 \u00e0 un d\u00e9fil\u00e9 militaire Le pr\u00e9sident br\u00e9silien Jair Bolsonaro a assist\u00e9, mardi, \u00e0 un d\u00e9fil\u00e9 militaire \u00e0 Brasilia, une activit\u00e9 qui a \u00e9t\u00e9 qualifi\u00e9e par l\u2019opposition d\u2019une tentative du leader de droite d\u2019\u00abintimider\u00bb le Congr\u00e8s qui vote un amendement du mode du scrutin. Un convoi de v\u00e9hicules militaires blind\u00e9s des trois Forces [&hellip;]<\/p>\n","protected":false},"author":1760,"featured_media":0,"comment_status":"closed","ping_status":"closed","sticky":false,"template":"","format":"standard","meta":{"fifu_image_url":"","fifu_image_alt":"","footnotes":""},"categories":[73,54],"tags":[],"class_list":["post-123846","post","type-post","status-publish","format-standard","hentry","category-actualite","category-maroc"],"_links":{"self":[{"href":"https:\/\/linitiative.ca\/International\/wp-json\/wp\/v2\/posts\/123846","targetHints":{"allow":["GET"]}}],"collection":[{"href":"https:\/\/linitiative.ca\/International\/wp-json\/wp\/v2\/posts"}],"about":[{"href":"https:\/\/linitiative.ca\/International\/wp-json\/wp\/v2\/types\/post"}],"author":[{"embeddable":true,"href":"https:\/\/linitiative.ca\/International\/wp-json\/wp\/v2\/users\/1760"}],"replies":[{"embeddable":true,"href":"https:\/\/linitiative.ca\/International\/wp-json\/wp\/v2\/comments?post=123846"}],"version-history":[{"count":0,"href":"https:\/\/linitiative.ca\/International\/wp-json\/wp\/v2\/posts\/123846\/revisions"}],"wp:attachment":[{"href":"https:\/\/linitiative.ca\/International\/wp-json\/wp\/v2\/media?parent=123846"}],"wp:term":[{"taxonomy":"category","embeddable":true,"href":"https:\/\/linitiative.ca\/International\/wp-json\/wp\/v2\/categories?post=123846"},{"taxonomy":"post_tag","embeddable":true,"href":"https:\/\/linitiative.ca\/International\/wp-json\/wp\/v2\/tags?post=123846"}],"curies":[{"name":"wp","href":"https:\/\/api.w.org\/{rel}","templated":true}]}}