{"id":123849,"date":"2021-08-11T07:55:59","date_gmt":"2021-08-11T11:55:59","guid":{"rendered":"https:\/\/linitiative.ca\/International\/celebration-a-oujda-de-la-journee-nationale-du-migrant\/"},"modified":"2021-08-11T07:55:59","modified_gmt":"2021-08-11T11:55:59","slug":"celebration-a-oujda-de-la-journee-nationale-du-migrant","status":"publish","type":"post","link":"https:\/\/linitiative.ca\/International\/celebration-a-oujda-de-la-journee-nationale-du-migrant\/","title":{"rendered":"C\u00e9l\u00e9bration \u00e0 Oujda de la Journ\u00e9e nationale du migrant"},"content":{"rendered":"<div>\n<div style=\"margin-bottom:20px;\"><img loading=\"lazy\" decoding=\"async\" width=\"750\" height=\"430\" src=\"https:\/\/linitiative.ca\/International\/wp-content\/uploads\/sites\/23\/2021\/08\/Le-premier-navire-transportant-des-Marocains-du-Monde-arrive-au-port-Tanger-Med-750C397430-MAP.jpg\" class=\"attachment-post-thumbnail size-post-thumbnail wp-post-image\" alt=\"\" srcset=\"https:\/\/linitiative.ca\/International\/wp-content\/uploads\/sites\/23\/2021\/08\/Le-premier-navire-transportant-des-Marocains-du-Monde-arrive-au-port-Tanger-Med-750C397430-MAP.jpg 750w, http:\/\/www.mapoujda.ma\/map\/uploads\/2021\/08\/Le-premier-navire-transportant-des-Marocains-du-Monde-arrive-au-port-Tanger-Med-750\u00d7430-MAP-300x172.jpg 300w\" sizes=\"auto, (max-width: 750px) 100vw, 750px\"><\/div>\n<div>\n<p style=\"text-align: justify;\">Le si\u00e8ge de la wilaya de l\u2019Oriental \u00e0 Oujda a accueilli, mardi, une rencontre pour c\u00e9l\u00e9brer la Journ\u00e9e nationale du migrant, plac\u00e9e cette ann\u00e9e sous le signe \u00ab\u00a0le r\u00f4le des Marocains du monde dans la mise en \u0153uvre du Nouveau mod\u00e8le de d\u00e9veloppement\u00a0\u00bb.<\/p>\n<p style=\"text-align: justify;\">Cette rencontre, tenue dans le respect des mesures de pr\u00e9vention de la pand\u00e9mie du Covid-19, a \u00e9t\u00e9 marqu\u00e9e par la participation d\u2019institutions publiques et priv\u00e9es qui ont mis en avant les services destin\u00e9s notamment aux membres de la communaut\u00e9 marocaine \u00e0 l\u2019\u00e9tranger.<\/p>\n<p style=\"text-align: justify;\">A cette occasion, le Wali de la r\u00e9gion de l\u2019Oriental, gouverneur de la pr\u00e9fecture d\u2019Oujda-Angad, Mouad El Jamai, a indiqu\u00e9, dans une allocution lue en son nom par le secr\u00e9taire g\u00e9n\u00e9ral de la Wilaya, Souleimane El Hajjam, que le th\u00e8me choisi cette ann\u00e9e pour cette c\u00e9l\u00e9bration refl\u00e8te l\u2019importance de l\u2019adh\u00e9sion des comp\u00e9tences marocaines install\u00e9es \u00e0 l\u2019\u00e9tranger dans les grands chantiers de d\u00e9veloppement au Maroc.<\/p>\n<p style=\"text-align: justify;\">Il a, dans ce sens, rappel\u00e9 que la Commission sp\u00e9ciale sur le mod\u00e8le de d\u00e9veloppement a pr\u00e9sent\u00e9, dans son rapport g\u00e9n\u00e9ral, des propositions pour tirer parti des comp\u00e9tences scientifiques, des exp\u00e9riences et des expertises des Marocains du monde au service de la m\u00e8re patrie et de leurs r\u00e9gions d\u2019origine, en vue de contribuer de mani\u00e8re effective dans le processus de d\u00e9veloppement men\u00e9 sous la conduite \u00e9clair\u00e9e de SM le Roi Mohammed VI.<\/p>\n<p style=\"text-align: justify;\">Par ailleurs, El Jamai a indiqu\u00e9 que cette rencontre de communication constitue une occasion pour enrichir la discussion avec les membres de la communaut\u00e9 marocaine install\u00e9e \u00e0 l\u2019\u00e9tranger en vue de conna\u00eetre de pr\u00e8s leurs attentes et leur situation, mettre la lumi\u00e8re sur les diff\u00e9rents services et mesures mis en \u0153uvre par les administrations d\u00e9centralis\u00e9es r\u00e9gionales et promouvoir les investissements des MRE dans leur pays d\u2019origine.<\/p>\n<p style=\"text-align: justify;\">Plusieurs stands repr\u00e9sentant des administrations, institutions et soci\u00e9t\u00e9s ont \u00e9t\u00e9 mis en place \u00e0 cette occasion, en vue de faire conna\u00eetre les opportunit\u00e9s d\u2019investissement dans la r\u00e9gion de l\u2019Oriental et communiquer autour des services d\u00e9ploy\u00e9s au profit des Marocains du monde.<\/p>\n<\/div>\n<p>L\u2019article <a rel=\"nofollow\" href=\"http:\/\/www.mapoujda.ma\/fr\/celebration-a-oujda-de-la-journee-nationale-du-migrant\/\">C\u00e9l\u00e9bration \u00e0 Oujda de la Journ\u00e9e nationale du migrant<\/a> est apparu en premier sur <a rel=\"nofollow\" href=\"http:\/\/www.mapoujda.ma\/fr\">MapOujda<\/a>.<\/p>\n<\/div>\n<p>Auteur: Soufiane ELAHMAR<br \/>\n<a href=\"http:\/\/www.mapoujda.ma\/fr\/celebration-a-oujda-de-la-journee-nationale-du-migrant\/\">Cliquez ici pour lire l&rsquo;article depuis sa source.<\/a><\/p>\n","protected":false},"excerpt":{"rendered":"<p>Le si\u00e8ge de la wilaya de l\u2019Oriental \u00e0 Oujda a accueilli, mardi, une rencontre pour c\u00e9l\u00e9brer la Journ\u00e9e nationale du migrant, plac\u00e9e cette ann\u00e9e sous le signe \u00ab\u00a0le r\u00f4le des Marocains du monde dans la mise en \u0153uvre du Nouveau mod\u00e8le de d\u00e9veloppement\u00a0\u00bb. Cette rencontre, tenue dans le respect des mesures de pr\u00e9vention de la [&hellip;]<\/p>\n","protected":false},"author":1788,"featured_media":0,"comment_status":"closed","ping_status":"closed","sticky":false,"template":"","format":"standard","meta":{"fifu_image_url":"http:\/\/www.mapoujda.ma\/map\/uploads\/2021\/08\/Le-premier-navire-transportant-des-Marocains-du-Monde-arrive-au-port-Tanger-Med-750\u00d7430-MAP.jpg","fifu_image_alt":"C\u00e9l\u00e9bration \u00e0 Oujda de la Journ\u00e9e nationale du migrant","footnotes":""},"categories":[54,76],"tags":[],"class_list":["post-123849","post","type-post","status-publish","format-standard","hentry","category-maroc","category-regions"],"_links":{"self":[{"href":"https:\/\/linitiative.ca\/International\/wp-json\/wp\/v2\/posts\/123849","targetHints":{"allow":["GET"]}}],"collection":[{"href":"https:\/\/linitiative.ca\/International\/wp-json\/wp\/v2\/posts"}],"about":[{"href":"https:\/\/linitiative.ca\/International\/wp-json\/wp\/v2\/types\/post"}],"author":[{"embeddable":true,"href":"https:\/\/linitiative.ca\/International\/wp-json\/wp\/v2\/users\/1788"}],"replies":[{"embeddable":true,"href":"https:\/\/linitiative.ca\/International\/wp-json\/wp\/v2\/comments?post=123849"}],"version-history":[{"count":0,"href":"https:\/\/linitiative.ca\/International\/wp-json\/wp\/v2\/posts\/123849\/revisions"}],"wp:attachment":[{"href":"https:\/\/linitiative.ca\/International\/wp-json\/wp\/v2\/media?parent=123849"}],"wp:term":[{"taxonomy":"category","embeddable":true,"href":"https:\/\/linitiative.ca\/International\/wp-json\/wp\/v2\/categories?post=123849"},{"taxonomy":"post_tag","embeddable":true,"href":"https:\/\/linitiative.ca\/International\/wp-json\/wp\/v2\/tags?post=123849"}],"curies":[{"name":"wp","href":"https:\/\/api.w.org\/{rel}","templated":true}]}}