{"id":123855,"date":"2021-08-11T11:22:43","date_gmt":"2021-08-11T15:22:43","guid":{"rendered":"https:\/\/linitiative.ca\/International\/foot-nawal-khalifa-nouvelle-patronne-du-fus\/"},"modified":"2021-08-11T11:22:43","modified_gmt":"2021-08-11T15:22:43","slug":"foot-nawal-khalifa-nouvelle-patronne-du-fus","status":"publish","type":"post","link":"https:\/\/linitiative.ca\/International\/foot-nawal-khalifa-nouvelle-patronne-du-fus\/","title":{"rendered":"Foot: Nawal Khalifa, nouvelle patronne du FUS"},"content":{"rendered":"<div>\n<div class=\"field field-name-body field-type-text-with-summary field-label-hidden\">\n<div class=\"field-items\">\n<div class=\"field-item even\" property=\"content:encoded\">\n<p class=\"rtejustify\">Le FUS de Rabat op\u00e8re un changement. Le club a annonc\u00e9, ce mercredi, la nomination d\u2019une femme \u00e0 la t\u00eate de sa section football, une premi\u00e8re pour un club de \u00ab\u00a0Botola Pro D1 Inwi\u00a0\u00bb.<\/p>\n<\/div>\n<\/div>\n<\/div>\n<\/div>\n<p>Auteur: mbasraoui<br \/>\n<a href=\"https:\/\/www.leconomiste.com\/flash-infos\/foot-nawal-khalifa-nouvelle-patronne-du-fus\">Cliquez ici pour lire l&rsquo;article depuis sa source.<\/a><\/p>\n","protected":false},"excerpt":{"rendered":"<p>Le FUS de Rabat op\u00e8re un changement. Le club a annonc\u00e9, ce mercredi, la nomination d\u2019une femme \u00e0 la t\u00eate de sa section football, une premi\u00e8re pour un club de \u00ab\u00a0Botola Pro D1 Inwi\u00a0\u00bb. Auteur: mbasraoui Cliquez ici pour lire l&rsquo;article depuis sa source.<\/p>\n","protected":false},"author":1763,"featured_media":0,"comment_status":"closed","ping_status":"closed","sticky":false,"template":"","format":"standard","meta":{"fifu_image_url":"","fifu_image_alt":"","footnotes":""},"categories":[78,54],"tags":[],"class_list":["post-123855","post","type-post","status-publish","format-standard","hentry","category-economie","category-maroc"],"_links":{"self":[{"href":"https:\/\/linitiative.ca\/International\/wp-json\/wp\/v2\/posts\/123855","targetHints":{"allow":["GET"]}}],"collection":[{"href":"https:\/\/linitiative.ca\/International\/wp-json\/wp\/v2\/posts"}],"about":[{"href":"https:\/\/linitiative.ca\/International\/wp-json\/wp\/v2\/types\/post"}],"author":[{"embeddable":true,"href":"https:\/\/linitiative.ca\/International\/wp-json\/wp\/v2\/users\/1763"}],"replies":[{"embeddable":true,"href":"https:\/\/linitiative.ca\/International\/wp-json\/wp\/v2\/comments?post=123855"}],"version-history":[{"count":0,"href":"https:\/\/linitiative.ca\/International\/wp-json\/wp\/v2\/posts\/123855\/revisions"}],"wp:attachment":[{"href":"https:\/\/linitiative.ca\/International\/wp-json\/wp\/v2\/media?parent=123855"}],"wp:term":[{"taxonomy":"category","embeddable":true,"href":"https:\/\/linitiative.ca\/International\/wp-json\/wp\/v2\/categories?post=123855"},{"taxonomy":"post_tag","embeddable":true,"href":"https:\/\/linitiative.ca\/International\/wp-json\/wp\/v2\/tags?post=123855"}],"curies":[{"name":"wp","href":"https:\/\/api.w.org\/{rel}","templated":true}]}}