{"id":123856,"date":"2021-08-11T11:46:42","date_gmt":"2021-08-11T15:46:42","guid":{"rendered":"https:\/\/linitiative.ca\/International\/yair-lapid-salue-laction-du-maroc-pour-la-paix-regionale\/"},"modified":"2021-08-11T11:46:42","modified_gmt":"2021-08-11T15:46:42","slug":"yair-lapid-salue-laction-du-maroc-pour-la-paix-regionale","status":"publish","type":"post","link":"https:\/\/linitiative.ca\/International\/yair-lapid-salue-laction-du-maroc-pour-la-paix-regionale\/","title":{"rendered":"Yair Lapid salue l\u2019action du Maroc pour la paix r\u00e9gionale"},"content":{"rendered":"<div>\n<div class=\"field field-name-body field-type-text-with-summary field-label-hidden\">\n<div class=\"field-items\">\n<div class=\"field-item even\" property=\"content:encoded\">\n<p class=\"rtejustify\">Le ministre des Affaires \u00e9trang\u00e8res, de la Coop\u00e9ration africaine et des Marocains r\u00e9sidant \u00e0 l\u2019\u00e9tranger, Nasser Bourita, a re\u00e7u aujourd\u2019hui \u00e0 Rabat, le ministre isra\u00e9lien des Affaires \u00e9trang\u00e8res, Yair Lapid.<\/p>\n<p class=\"rtejustify\">Cette visite historique marque la normalisation des relations entre Rabat et Tel-Aviv. Isra\u00ebl ouvrira d\u2019ailleurs une repr\u00e9sentation diplomatique dans la capitale marocaine pour marquer cette nouvelle \u00e9tape dans leurs relations.<\/p>\n<\/div>\n<\/div>\n<\/div>\n<\/div>\n<p>Auteur: mbasraoui<br \/>\n<a href=\"https:\/\/www.leconomiste.com\/flash-infos\/yair-lapid-salue-l-action-du-maroc-pour-la-paix-regionale\">Cliquez ici pour lire l&rsquo;article depuis sa source.<\/a><\/p>\n","protected":false},"excerpt":{"rendered":"<p>Le ministre des Affaires \u00e9trang\u00e8res, de la Coop\u00e9ration africaine et des Marocains r\u00e9sidant \u00e0 l\u2019\u00e9tranger, Nasser Bourita, a re\u00e7u aujourd\u2019hui \u00e0 Rabat, le ministre isra\u00e9lien des Affaires \u00e9trang\u00e8res, Yair Lapid. Cette visite historique marque la normalisation des relations entre Rabat et Tel-Aviv. Isra\u00ebl ouvrira d\u2019ailleurs une repr\u00e9sentation diplomatique dans la capitale marocaine pour marquer cette [&hellip;]<\/p>\n","protected":false},"author":1763,"featured_media":0,"comment_status":"closed","ping_status":"closed","sticky":false,"template":"","format":"standard","meta":{"fifu_image_url":"","fifu_image_alt":"","footnotes":""},"categories":[78,54],"tags":[],"class_list":["post-123856","post","type-post","status-publish","format-standard","hentry","category-economie","category-maroc"],"_links":{"self":[{"href":"https:\/\/linitiative.ca\/International\/wp-json\/wp\/v2\/posts\/123856","targetHints":{"allow":["GET"]}}],"collection":[{"href":"https:\/\/linitiative.ca\/International\/wp-json\/wp\/v2\/posts"}],"about":[{"href":"https:\/\/linitiative.ca\/International\/wp-json\/wp\/v2\/types\/post"}],"author":[{"embeddable":true,"href":"https:\/\/linitiative.ca\/International\/wp-json\/wp\/v2\/users\/1763"}],"replies":[{"embeddable":true,"href":"https:\/\/linitiative.ca\/International\/wp-json\/wp\/v2\/comments?post=123856"}],"version-history":[{"count":0,"href":"https:\/\/linitiative.ca\/International\/wp-json\/wp\/v2\/posts\/123856\/revisions"}],"wp:attachment":[{"href":"https:\/\/linitiative.ca\/International\/wp-json\/wp\/v2\/media?parent=123856"}],"wp:term":[{"taxonomy":"category","embeddable":true,"href":"https:\/\/linitiative.ca\/International\/wp-json\/wp\/v2\/categories?post=123856"},{"taxonomy":"post_tag","embeddable":true,"href":"https:\/\/linitiative.ca\/International\/wp-json\/wp\/v2\/tags?post=123856"}],"curies":[{"name":"wp","href":"https:\/\/api.w.org\/{rel}","templated":true}]}}