{"id":123858,"date":"2021-08-11T12:32:49","date_gmt":"2021-08-11T16:32:49","guid":{"rendered":"https:\/\/linitiative.ca\/International\/transparency-maroc-critique-la-gestion-des-marches-de-la-sante-pendant-le-covid\/"},"modified":"2021-08-11T12:32:49","modified_gmt":"2021-08-11T16:32:49","slug":"transparency-maroc-critique-la-gestion-des-marches-de-la-sante-pendant-le-covid","status":"publish","type":"post","link":"https:\/\/linitiative.ca\/International\/transparency-maroc-critique-la-gestion-des-marches-de-la-sante-pendant-le-covid\/","title":{"rendered":"Transparency Maroc critique la gestion des march\u00e9s de la sant\u00e9 pendant le Covid"},"content":{"rendered":"<div>\n<div class=\"field field-name-body field-type-text-with-summary field-label-hidden\">\n<div class=\"field-items\">\n<div class=\"field-item even\" property=\"content:encoded\">\n<p class=\"rtejustify\">Transparency Maroc avait alert\u00e9 sur la gestion des march\u00e9s du secteur de la sant\u00e9 publique durant la pand\u00e9mie de Covid. L\u2019organisation non gouvernementale revient \u00e0 la charge et d\u00e9voile cette fois plusieurs zones d\u2019ombre, des irr\u00e9gularit\u00e9s \u00ab\u00a0non exhaustives\u00a0\u00bb selon elle.<\/p>\n<\/div>\n<\/div>\n<\/div>\n<\/div>\n<p>Auteur: hgueye<br \/>\n<a href=\"https:\/\/www.leconomiste.com\/flash-infos\/transparency-maroc-critique-la-gestion-des-marches-de-la-sante-pendant-le-covid\">Cliquez ici pour lire l&rsquo;article depuis sa source.<\/a><\/p>\n","protected":false},"excerpt":{"rendered":"<p>Transparency Maroc avait alert\u00e9 sur la gestion des march\u00e9s du secteur de la sant\u00e9 publique durant la pand\u00e9mie de Covid. L\u2019organisation non gouvernementale revient \u00e0 la charge et d\u00e9voile cette fois plusieurs zones d\u2019ombre, des irr\u00e9gularit\u00e9s \u00ab\u00a0non exhaustives\u00a0\u00bb selon elle. Auteur: hgueye Cliquez ici pour lire l&rsquo;article depuis sa source.<\/p>\n","protected":false},"author":1763,"featured_media":0,"comment_status":"closed","ping_status":"closed","sticky":false,"template":"","format":"standard","meta":{"fifu_image_url":"","fifu_image_alt":"","footnotes":""},"categories":[78,54],"tags":[],"class_list":["post-123858","post","type-post","status-publish","format-standard","hentry","category-economie","category-maroc"],"_links":{"self":[{"href":"https:\/\/linitiative.ca\/International\/wp-json\/wp\/v2\/posts\/123858","targetHints":{"allow":["GET"]}}],"collection":[{"href":"https:\/\/linitiative.ca\/International\/wp-json\/wp\/v2\/posts"}],"about":[{"href":"https:\/\/linitiative.ca\/International\/wp-json\/wp\/v2\/types\/post"}],"author":[{"embeddable":true,"href":"https:\/\/linitiative.ca\/International\/wp-json\/wp\/v2\/users\/1763"}],"replies":[{"embeddable":true,"href":"https:\/\/linitiative.ca\/International\/wp-json\/wp\/v2\/comments?post=123858"}],"version-history":[{"count":0,"href":"https:\/\/linitiative.ca\/International\/wp-json\/wp\/v2\/posts\/123858\/revisions"}],"wp:attachment":[{"href":"https:\/\/linitiative.ca\/International\/wp-json\/wp\/v2\/media?parent=123858"}],"wp:term":[{"taxonomy":"category","embeddable":true,"href":"https:\/\/linitiative.ca\/International\/wp-json\/wp\/v2\/categories?post=123858"},{"taxonomy":"post_tag","embeddable":true,"href":"https:\/\/linitiative.ca\/International\/wp-json\/wp\/v2\/tags?post=123858"}],"curies":[{"name":"wp","href":"https:\/\/api.w.org\/{rel}","templated":true}]}}