{"id":123859,"date":"2021-08-11T12:42:58","date_gmt":"2021-08-11T16:42:58","guid":{"rendered":"https:\/\/linitiative.ca\/International\/un-nouveau-dg-pour-mazagan-beach-golf-resort\/"},"modified":"2021-08-11T12:42:58","modified_gmt":"2021-08-11T16:42:58","slug":"un-nouveau-dg-pour-mazagan-beach-golf-resort","status":"publish","type":"post","link":"https:\/\/linitiative.ca\/International\/un-nouveau-dg-pour-mazagan-beach-golf-resort\/","title":{"rendered":"Un nouveau DG pour Mazagan Beach &amp; Golf Resort"},"content":{"rendered":"<div>\n<div class=\"field field-name-body field-type-text-with-summary field-label-hidden\">\n<div class=\"field-items\">\n<div class=\"field-item even\" property=\"content:encoded\">\n<p class=\"rtejustify\">Mazagan Beach &amp; Golf Resort annonce la nomination d\u2019un nouveau DG. Il s\u2019agit de Jacques Claudel, laur\u00e9at de l\u2019\u00c9cole h\u00f4teli\u00e8re de commerce de Strasbourg. Le Fran\u00e7ais, qui dispose d\u2019une exp\u00e9rience de 25 ans dans la gestion de complexes h\u00f4teliers de luxe, fut le directeur des op\u00e9rations au Hilton Rabat pendant plus de 4 ans. Il occup\u00e9 plusieurs postes dans les op\u00e9rations et plus particuli\u00e8rement dans l\u2019h\u00e9bergement et la restauration apr\u00e8s avoir int\u00e9gr\u00e9 le groupe Hilton en 1995.<\/p>\n<\/div>\n<\/div>\n<\/div>\n<\/div>\n<p>Auteur: hgueye<br \/>\n<a href=\"https:\/\/www.leconomiste.com\/flash-infos\/un-nouveau-dg-pour-mazagan-beach-golf-resort\">Cliquez ici pour lire l&rsquo;article depuis sa source.<\/a><\/p>\n","protected":false},"excerpt":{"rendered":"<p>Mazagan Beach &amp; Golf Resort annonce la nomination d\u2019un nouveau DG. Il s\u2019agit de Jacques Claudel, laur\u00e9at de l\u2019\u00c9cole h\u00f4teli\u00e8re de commerce de Strasbourg. Le Fran\u00e7ais, qui dispose d\u2019une exp\u00e9rience de 25 ans dans la gestion de complexes h\u00f4teliers de luxe, fut le directeur des op\u00e9rations au Hilton Rabat pendant plus de 4 ans. Il [&hellip;]<\/p>\n","protected":false},"author":1763,"featured_media":0,"comment_status":"closed","ping_status":"closed","sticky":false,"template":"","format":"standard","meta":{"fifu_image_url":"","fifu_image_alt":"","footnotes":""},"categories":[78,54],"tags":[],"class_list":["post-123859","post","type-post","status-publish","format-standard","hentry","category-economie","category-maroc"],"_links":{"self":[{"href":"https:\/\/linitiative.ca\/International\/wp-json\/wp\/v2\/posts\/123859","targetHints":{"allow":["GET"]}}],"collection":[{"href":"https:\/\/linitiative.ca\/International\/wp-json\/wp\/v2\/posts"}],"about":[{"href":"https:\/\/linitiative.ca\/International\/wp-json\/wp\/v2\/types\/post"}],"author":[{"embeddable":true,"href":"https:\/\/linitiative.ca\/International\/wp-json\/wp\/v2\/users\/1763"}],"replies":[{"embeddable":true,"href":"https:\/\/linitiative.ca\/International\/wp-json\/wp\/v2\/comments?post=123859"}],"version-history":[{"count":0,"href":"https:\/\/linitiative.ca\/International\/wp-json\/wp\/v2\/posts\/123859\/revisions"}],"wp:attachment":[{"href":"https:\/\/linitiative.ca\/International\/wp-json\/wp\/v2\/media?parent=123859"}],"wp:term":[{"taxonomy":"category","embeddable":true,"href":"https:\/\/linitiative.ca\/International\/wp-json\/wp\/v2\/categories?post=123859"},{"taxonomy":"post_tag","embeddable":true,"href":"https:\/\/linitiative.ca\/International\/wp-json\/wp\/v2\/tags?post=123859"}],"curies":[{"name":"wp","href":"https:\/\/api.w.org\/{rel}","templated":true}]}}