{"id":123861,"date":"2021-08-11T08:31:00","date_gmt":"2021-08-11T12:31:00","guid":{"rendered":"https:\/\/linitiative.ca\/International\/bordeaux-yacine-adli-vers-un-grand-club-de-serie-a\/"},"modified":"2021-08-11T08:31:00","modified_gmt":"2021-08-11T12:31:00","slug":"bordeaux-yacine-adli-vers-un-grand-club-de-serie-a","status":"publish","type":"post","link":"https:\/\/linitiative.ca\/International\/bordeaux-yacine-adli-vers-un-grand-club-de-serie-a\/","title":{"rendered":"Bordeaux : Yacine Adli vers un grand club de Serie A ?"},"content":{"rendered":"<div>Le joueur franco-alg\u00e9rien pourrait rejoindre Ismael Bennacer du C\u00f4t\u00e9 du Milan AC<img loading=\"lazy\" decoding=\"async\" src=\"http:\/\/feeds.feedburner.com\/~r\/GalerieFArtciles\/~4\/q7uDUnHjqr0\" height=\"1\" width=\"1\" alt=\"\"><\/div>\n<p>Auteur:<br \/>\n<a href=\"http:\/\/www.lebuteur.com\/article\/detail?titre=bordeaux-yacine-adli-vers-un-grand-club-de-serie-a&#038;id=100826&#038;utm_source=feedburner&#038;utm_medium=feed&#038;utm_campaign=Feed%3A+GalerieFArtciles+%28Les+derniers+articles++-+lebuteur.com%29\">Cliquez ici pour lire l&rsquo;article depuis sa source.<\/a><\/p>\n","protected":false},"excerpt":{"rendered":"<p>Le joueur franco-alg\u00e9rien pourrait rejoindre Ismael Bennacer du C\u00f4t\u00e9 du Milan AC Auteur: Cliquez ici pour lire l&rsquo;article depuis sa source.<\/p>\n","protected":false},"author":1738,"featured_media":0,"comment_status":"closed","ping_status":"closed","sticky":false,"template":"","format":"standard","meta":{"fifu_image_url":"http:\/\/feeds.feedburner.com\/~r\/GalerieFArtciles\/~4\/q7uDUnHjqr0","fifu_image_alt":"Bordeaux : Yacine Adli vers un grand club de Serie A ?","footnotes":""},"categories":[53,75],"tags":[],"class_list":["post-123861","post","type-post","status-publish","format-standard","hentry","category-algerie","category-sport"],"_links":{"self":[{"href":"https:\/\/linitiative.ca\/International\/wp-json\/wp\/v2\/posts\/123861","targetHints":{"allow":["GET"]}}],"collection":[{"href":"https:\/\/linitiative.ca\/International\/wp-json\/wp\/v2\/posts"}],"about":[{"href":"https:\/\/linitiative.ca\/International\/wp-json\/wp\/v2\/types\/post"}],"author":[{"embeddable":true,"href":"https:\/\/linitiative.ca\/International\/wp-json\/wp\/v2\/users\/1738"}],"replies":[{"embeddable":true,"href":"https:\/\/linitiative.ca\/International\/wp-json\/wp\/v2\/comments?post=123861"}],"version-history":[{"count":0,"href":"https:\/\/linitiative.ca\/International\/wp-json\/wp\/v2\/posts\/123861\/revisions"}],"wp:attachment":[{"href":"https:\/\/linitiative.ca\/International\/wp-json\/wp\/v2\/media?parent=123861"}],"wp:term":[{"taxonomy":"category","embeddable":true,"href":"https:\/\/linitiative.ca\/International\/wp-json\/wp\/v2\/categories?post=123861"},{"taxonomy":"post_tag","embeddable":true,"href":"https:\/\/linitiative.ca\/International\/wp-json\/wp\/v2\/tags?post=123861"}],"curies":[{"name":"wp","href":"https:\/\/api.w.org\/{rel}","templated":true}]}}