{"id":123864,"date":"2021-08-11T14:29:00","date_gmt":"2021-08-11T18:29:00","guid":{"rendered":"https:\/\/linitiative.ca\/International\/villarreal-mandi-remplacant-pour-la-supercoupe-face-a-chelsea\/"},"modified":"2021-08-11T14:29:00","modified_gmt":"2021-08-11T18:29:00","slug":"villarreal-mandi-remplacant-pour-la-supercoupe-face-a-chelsea","status":"publish","type":"post","link":"https:\/\/linitiative.ca\/International\/villarreal-mandi-remplacant-pour-la-supercoupe-face-a-chelsea\/","title":{"rendered":"Villarreal : Mandi rempla\u00e7ant pour la Supercoupe face \u00e0 Chelsea"},"content":{"rendered":"<div>Ce mercredi \u00e0 20h, le vainqueur de la Ligue des Champions, Chelsea, affronte le gagnant de la Ligue Europa, Villarreal, \u00e0 l&rsquo;occasion de la Supercoupe d&rsquo;Europe<img loading=\"lazy\" decoding=\"async\" src=\"http:\/\/feeds.feedburner.com\/~r\/GalerieFArtciles\/~4\/rewsJ9s4FDw\" height=\"1\" width=\"1\" alt=\"\"><\/div>\n<p>Auteur:<br \/>\n<a href=\"http:\/\/www.lebuteur.com\/article\/detail?titre=villarreal-mandi-remplacant-pour-la-supercoupe-face-a-chelsea&#038;id=100829&#038;utm_source=feedburner&#038;utm_medium=feed&#038;utm_campaign=Feed%3A+GalerieFArtciles+%28Les+derniers+articles++-+lebuteur.com%29\">Cliquez ici pour lire l&rsquo;article depuis sa source.<\/a><\/p>\n","protected":false},"excerpt":{"rendered":"<p>Ce mercredi \u00e0 20h, le vainqueur de la Ligue des Champions, Chelsea, affronte le gagnant de la Ligue Europa, Villarreal, \u00e0 l&rsquo;occasion de la Supercoupe d&rsquo;Europe Auteur: Cliquez ici pour lire l&rsquo;article depuis sa source.<\/p>\n","protected":false},"author":1738,"featured_media":0,"comment_status":"closed","ping_status":"closed","sticky":false,"template":"","format":"standard","meta":{"fifu_image_url":"http:\/\/feeds.feedburner.com\/~r\/GalerieFArtciles\/~4\/rewsJ9s4FDw","fifu_image_alt":"Villarreal : Mandi rempla\u00e7ant pour la Supercoupe face \u00e0 Chelsea","footnotes":""},"categories":[53,75],"tags":[],"class_list":["post-123864","post","type-post","status-publish","format-standard","hentry","category-algerie","category-sport"],"_links":{"self":[{"href":"https:\/\/linitiative.ca\/International\/wp-json\/wp\/v2\/posts\/123864","targetHints":{"allow":["GET"]}}],"collection":[{"href":"https:\/\/linitiative.ca\/International\/wp-json\/wp\/v2\/posts"}],"about":[{"href":"https:\/\/linitiative.ca\/International\/wp-json\/wp\/v2\/types\/post"}],"author":[{"embeddable":true,"href":"https:\/\/linitiative.ca\/International\/wp-json\/wp\/v2\/users\/1738"}],"replies":[{"embeddable":true,"href":"https:\/\/linitiative.ca\/International\/wp-json\/wp\/v2\/comments?post=123864"}],"version-history":[{"count":0,"href":"https:\/\/linitiative.ca\/International\/wp-json\/wp\/v2\/posts\/123864\/revisions"}],"wp:attachment":[{"href":"https:\/\/linitiative.ca\/International\/wp-json\/wp\/v2\/media?parent=123864"}],"wp:term":[{"taxonomy":"category","embeddable":true,"href":"https:\/\/linitiative.ca\/International\/wp-json\/wp\/v2\/categories?post=123864"},{"taxonomy":"post_tag","embeddable":true,"href":"https:\/\/linitiative.ca\/International\/wp-json\/wp\/v2\/tags?post=123864"}],"curies":[{"name":"wp","href":"https:\/\/api.w.org\/{rel}","templated":true}]}}