{"id":123865,"date":"2021-08-10T20:38:00","date_gmt":"2021-08-11T00:38:00","guid":{"rendered":"https:\/\/linitiative.ca\/International\/chakib-zouaghi-khadija-t-moalla-soyez-du-bon-cote-de-lhistoire-soutenez-le-president\/"},"modified":"2021-08-10T20:38:00","modified_gmt":"2021-08-11T00:38:00","slug":"chakib-zouaghi-khadija-t-moalla-soyez-du-bon-cote-de-lhistoire-soutenez-le-president","status":"publish","type":"post","link":"https:\/\/linitiative.ca\/International\/chakib-zouaghi-khadija-t-moalla-soyez-du-bon-cote-de-lhistoire-soutenez-le-president\/","title":{"rendered":"Chakib Zouaghi &amp; Khadija T. Moalla: Soyez du bon c\u00f4t\u00e9 de l\u2019histoire ! Soutenez le Pr\u00e9sident!"},"content":{"rendered":"<div><img decoding=\"async\" src=\"https:\/\/linitiative.ca\/International\/wp-content\/uploads\/sites\/23\/2021\/08\/1628639216_article.jpg\" alt=\"Chakib Zouaghi &amp; Khadija T. Moalla: Soyez du bon c\u00f4t\u00e9 de l\u2019histoire ! Soutenez le Pr\u00e9sident!\" align=\"left\">Ce 25 Juillet restera grav\u00e9 dans la m\u00e9moire des Tunisiennes et des Tunisiens, date o\u00f9 le peuple est finalement sorti en masse pour exprimer sa col\u00e8re face \u00e0 une situation insoutenable tant aux niveaux sanitaire et politique, que social et \u00e9conomique.<br \/>\nUne d\u00e9mocratie en manque d\u2019oxyg\u00e8ne et de sang neuf!<br \/>\nL\u2019heure est \u00e0 l\u2019alignement et rangement derri\u00e8re les d\u00e9cisions du Pr\u00e9sident de la R\u00e9publique dans le respect de la Constitution.<br \/>\nC\u2019est une chance qui ne se r\u00e9p\u00e8tera pas de sit\u00f4t pour lancer des \u00e9lections anticip\u00e9es.\u00a0 La meilleure fa\u00e7on d\u2019\u00eatre \u00e0 l\u2019\u00e9coute du peuple c\u2019est de faire parler les urnes comme dans toute d\u00e9mocratie qui se respecte. Il est &#8230;<\/p>\n<\/div>\n<p>Auteur:<br \/>\n<a href=\"https:\/\/www.leaders.com.tn\/article\/32265-chakib-zouaghi-khadija-t-moalla-soyez-du-bon-cote-de-l-histoire-soutenez-le-president\">Cliquez ici pour lire l&rsquo;article depuis sa source.<\/a><\/p>\n","protected":false},"excerpt":{"rendered":"<p>Ce 25 Juillet restera grav\u00e9 dans la m\u00e9moire des Tunisiennes et des Tunisiens, date o\u00f9 le peuple est finalement sorti en masse pour exprimer sa col\u00e8re face \u00e0 une situation insoutenable tant aux niveaux sanitaire et politique, que social et \u00e9conomique. Une d\u00e9mocratie en manque d\u2019oxyg\u00e8ne et de sang neuf! L\u2019heure est \u00e0 l\u2019alignement et [&hellip;]<\/p>\n","protected":false},"author":1772,"featured_media":0,"comment_status":"closed","ping_status":"closed","sticky":false,"template":"","format":"standard","meta":{"fifu_image_url":"http:\/\/www.leaders.com.tn\/uploads\/content\/thumbnails_small\/1628639216_article.jpg","fifu_image_alt":"<div>Chakib Zouaghi & Khadija T. Moalla: Soyez du bon c\u00f4t\u00e9 de l\u2019histoire ! Soutenez le Pr\u00e9sident!<\/div>","footnotes":""},"categories":[73,55],"tags":[],"class_list":["post-123865","post","type-post","status-publish","format-standard","hentry","category-actualite","category-tunisie"],"_links":{"self":[{"href":"https:\/\/linitiative.ca\/International\/wp-json\/wp\/v2\/posts\/123865","targetHints":{"allow":["GET"]}}],"collection":[{"href":"https:\/\/linitiative.ca\/International\/wp-json\/wp\/v2\/posts"}],"about":[{"href":"https:\/\/linitiative.ca\/International\/wp-json\/wp\/v2\/types\/post"}],"author":[{"embeddable":true,"href":"https:\/\/linitiative.ca\/International\/wp-json\/wp\/v2\/users\/1772"}],"replies":[{"embeddable":true,"href":"https:\/\/linitiative.ca\/International\/wp-json\/wp\/v2\/comments?post=123865"}],"version-history":[{"count":0,"href":"https:\/\/linitiative.ca\/International\/wp-json\/wp\/v2\/posts\/123865\/revisions"}],"wp:attachment":[{"href":"https:\/\/linitiative.ca\/International\/wp-json\/wp\/v2\/media?parent=123865"}],"wp:term":[{"taxonomy":"category","embeddable":true,"href":"https:\/\/linitiative.ca\/International\/wp-json\/wp\/v2\/categories?post=123865"},{"taxonomy":"post_tag","embeddable":true,"href":"https:\/\/linitiative.ca\/International\/wp-json\/wp\/v2\/tags?post=123865"}],"curies":[{"name":"wp","href":"https:\/\/api.w.org\/{rel}","templated":true}]}}