{"id":123871,"date":"2021-08-11T10:55:00","date_gmt":"2021-08-11T14:55:00","guid":{"rendered":"https:\/\/linitiative.ca\/International\/le-president-biden-reunira-en-decembre-prochain-le-sommet-des-dirigeants-pour-la-democratie-la-tunisie-y-sera-t-elle-invitee\/"},"modified":"2021-08-11T10:55:00","modified_gmt":"2021-08-11T14:55:00","slug":"le-president-biden-reunira-en-decembre-prochain-le-sommet-des-dirigeants-pour-la-democratie-la-tunisie-y-sera-t-elle-invitee","status":"publish","type":"post","link":"https:\/\/linitiative.ca\/International\/le-president-biden-reunira-en-decembre-prochain-le-sommet-des-dirigeants-pour-la-democratie-la-tunisie-y-sera-t-elle-invitee\/","title":{"rendered":"Le pr\u00e9sident Biden r\u00e9unira en d\u00e9cembre prochain le Sommet des dirigeants pour la d\u00e9mocratie: La Tunisie y sera-t-elle invit\u00e9e?"},"content":{"rendered":"<div><img decoding=\"async\" src=\"https:\/\/linitiative.ca\/International\/wp-content\/uploads\/sites\/23\/2021\/08\/1628690124_article.jpg\" alt=\"Le pr\u00e9sident Biden r\u00e9unira en d\u00e9cembre prochain le Sommet des dirigeants pour la d\u00e9mocratie: La Tunisie y sera-t-elle invit\u00e9e?\" align=\"left\">Promesse de campagne tenue. Le pr\u00e9sident des \u00c9tats-Unis d\u2019Am\u00e9rique, Joe Biden a annonc\u00e9 qu\u2019il r\u00e9unira les 8 et 9 d\u00e9cembre prochain \u00ab\u00a0les dirigeants d&rsquo;un groupe diversifi\u00e9 de d\u00e9mocraties du monde lors d&rsquo;un sommet virtuel pour la d\u00e9mocratie, qui sera suivi, dans un an environ, d&rsquo;un second sommet en personne.\u00a0\u00bb C\u2019est ce que rapporte la Maison Blanche mercredi.<br \/>\nLa liste des pays qui seront n\u2019a pas \u00e9t\u00e9 r\u00e9v\u00e9l\u00e9e. La Tunisie aspire fortement \u00e0 en faire partie.<br \/>\nLe sommet virtuel, ajoute la Maison Blanche \u00ab\u00a0permettra de galvaniser les engagements et les initiatives autour de trois th\u00e8mes principaux : la d\u00e9fense contre l&rsquo;autoritarisme, la lutte contre la corruption et &#8230;<\/p>\n<\/div>\n<p>Auteur:<br \/>\n<a href=\"https:\/\/www.leaders.com.tn\/article\/32270-le-president-biden-reunira-en-decembre-prochain-le-sommet-des-dirigeants-pour-la-democratie-la-tunisie-y-sera-t-elle-invitee\">Cliquez ici pour lire l&rsquo;article depuis sa source.<\/a><\/p>\n","protected":false},"excerpt":{"rendered":"<p>Promesse de campagne tenue. Le pr\u00e9sident des \u00c9tats-Unis d\u2019Am\u00e9rique, Joe Biden a annonc\u00e9 qu\u2019il r\u00e9unira les 8 et 9 d\u00e9cembre prochain \u00ab\u00a0les dirigeants d&rsquo;un groupe diversifi\u00e9 de d\u00e9mocraties du monde lors d&rsquo;un sommet virtuel pour la d\u00e9mocratie, qui sera suivi, dans un an environ, d&rsquo;un second sommet en personne.\u00a0\u00bb C\u2019est ce que rapporte la Maison [&hellip;]<\/p>\n","protected":false},"author":1772,"featured_media":0,"comment_status":"closed","ping_status":"closed","sticky":false,"template":"","format":"standard","meta":{"fifu_image_url":"http:\/\/www.leaders.com.tn\/uploads\/content\/thumbnails_small\/1628690124_article.jpg","fifu_image_alt":"Le pr\u00e9sident Biden r\u00e9unira en d\u00e9cembre prochain le Sommet des dirigeants pour la d\u00e9mocratie: La Tunisie y sera-t-elle invit\u00e9e?","footnotes":""},"categories":[73,55],"tags":[],"class_list":["post-123871","post","type-post","status-publish","format-standard","hentry","category-actualite","category-tunisie"],"_links":{"self":[{"href":"https:\/\/linitiative.ca\/International\/wp-json\/wp\/v2\/posts\/123871","targetHints":{"allow":["GET"]}}],"collection":[{"href":"https:\/\/linitiative.ca\/International\/wp-json\/wp\/v2\/posts"}],"about":[{"href":"https:\/\/linitiative.ca\/International\/wp-json\/wp\/v2\/types\/post"}],"author":[{"embeddable":true,"href":"https:\/\/linitiative.ca\/International\/wp-json\/wp\/v2\/users\/1772"}],"replies":[{"embeddable":true,"href":"https:\/\/linitiative.ca\/International\/wp-json\/wp\/v2\/comments?post=123871"}],"version-history":[{"count":0,"href":"https:\/\/linitiative.ca\/International\/wp-json\/wp\/v2\/posts\/123871\/revisions"}],"wp:attachment":[{"href":"https:\/\/linitiative.ca\/International\/wp-json\/wp\/v2\/media?parent=123871"}],"wp:term":[{"taxonomy":"category","embeddable":true,"href":"https:\/\/linitiative.ca\/International\/wp-json\/wp\/v2\/categories?post=123871"},{"taxonomy":"post_tag","embeddable":true,"href":"https:\/\/linitiative.ca\/International\/wp-json\/wp\/v2\/tags?post=123871"}],"curies":[{"name":"wp","href":"https:\/\/api.w.org\/{rel}","templated":true}]}}