{"id":123873,"date":"2021-08-11T17:06:05","date_gmt":"2021-08-11T21:06:05","guid":{"rendered":"https:\/\/linitiative.ca\/International\/communique-au-public-et-eclaircissements-de-luib-suite-au-courrier-envoye-aux-heritiers-du-martyr-abdessalem-essaafi\/"},"modified":"2021-08-11T17:06:05","modified_gmt":"2021-08-11T21:06:05","slug":"communique-au-public-et-eclaircissements-de-luib-suite-au-courrier-envoye-aux-heritiers-du-martyr-abdessalem-essaafi","status":"publish","type":"post","link":"https:\/\/linitiative.ca\/International\/communique-au-public-et-eclaircissements-de-luib-suite-au-courrier-envoye-aux-heritiers-du-martyr-abdessalem-essaafi\/","title":{"rendered":"Communiqu\u00e9 au public et \u00e9claircissements de l\u2019UIB suite au courrier envoy\u00e9 aux \u00ab\u00a0h\u00e9ritiers du Martyr Abdessalem Essaafi\u00a0\u00bb"},"content":{"rendered":"<div><img decoding=\"async\" src=\"https:\/\/linitiative.ca\/International\/wp-content\/uploads\/sites\/23\/2021\/08\/1628714095_article.jpg\" alt='Communiqu\u00e9 au public et \u00e9claircissements de l\u2019UIB suite au courrier envoy\u00e9 aux \"h\u00e9ritiers du Martyr Abdessalem Essaafi\"' align=\"left\">Suite \u00e0 la pol\u00e9mique d\u00e9clench\u00e9e sur les r\u00e9seaux sociaux par l&rsquo;information relative au courrier envoy\u00e9 aux \u00ab\u00a0h\u00e9ritiers du Martyr Abdessalem Essaafi\u00a0\u00bb, il nous importe d&rsquo;apporter au public les \u00e9claircissements suivants:<br \/>\n1- Le courrier envoy\u00e9 est une erreur proc\u00e9durale. Il n&rsquo;aurait pas d\u00fb \u00eatre envoy\u00e9. Nous avons pris contact avec la famille. Et une lettre d&rsquo;excuses leur sera envoy\u00e9e imm\u00e9diatement.<br \/>\n2- Toutes les mesures n\u00e9cessaires au traitement du dossier de cr\u00e9dit du Martyr Abdessalem Essaafi seront prises avec les parties prenantes \u00e0 la banque; sans aucune incidence sur la famille.<br \/>\n3- L&rsquo;UIB, en tant qu&rsquo;Institution, et en tant que personnes, sommes \u00e9minemment &#8230;<\/p>\n<\/div>\n<p>Auteur:<br \/>\n<a href=\"https:\/\/www.leaders.com.tn\/article\/32271-communique-au-public-et-eclaircissements-de-l-uib-suite-au-courrier-envoye-aux-heritiers-du-martyr-abdessalem-essaafi\">Cliquez ici pour lire l&rsquo;article depuis sa source.<\/a><\/p>\n","protected":false},"excerpt":{"rendered":"<p>Suite \u00e0 la pol\u00e9mique d\u00e9clench\u00e9e sur les r\u00e9seaux sociaux par l&rsquo;information relative au courrier envoy\u00e9 aux \u00ab\u00a0h\u00e9ritiers du Martyr Abdessalem Essaafi\u00a0\u00bb, il nous importe d&rsquo;apporter au public les \u00e9claircissements suivants: 1- Le courrier envoy\u00e9 est une erreur proc\u00e9durale. Il n&rsquo;aurait pas d\u00fb \u00eatre envoy\u00e9. Nous avons pris contact avec la famille. Et une lettre d&rsquo;excuses [&hellip;]<\/p>\n","protected":false},"author":1772,"featured_media":0,"comment_status":"closed","ping_status":"closed","sticky":false,"template":"","format":"standard","meta":{"fifu_image_url":"http:\/\/www.leaders.com.tn\/uploads\/content\/thumbnails_small\/1628714095_article.jpg","fifu_image_alt":"<div>Communiqu\u00e9 au public et \u00e9claircissements de l\u2019UIB suite au courrier envoy\u00e9 aux \"h\u00e9ritiers du Martyr Abdessalem Essaafi\"<\/div>","footnotes":""},"categories":[73,55],"tags":[],"class_list":["post-123873","post","type-post","status-publish","format-standard","hentry","category-actualite","category-tunisie"],"_links":{"self":[{"href":"https:\/\/linitiative.ca\/International\/wp-json\/wp\/v2\/posts\/123873","targetHints":{"allow":["GET"]}}],"collection":[{"href":"https:\/\/linitiative.ca\/International\/wp-json\/wp\/v2\/posts"}],"about":[{"href":"https:\/\/linitiative.ca\/International\/wp-json\/wp\/v2\/types\/post"}],"author":[{"embeddable":true,"href":"https:\/\/linitiative.ca\/International\/wp-json\/wp\/v2\/users\/1772"}],"replies":[{"embeddable":true,"href":"https:\/\/linitiative.ca\/International\/wp-json\/wp\/v2\/comments?post=123873"}],"version-history":[{"count":0,"href":"https:\/\/linitiative.ca\/International\/wp-json\/wp\/v2\/posts\/123873\/revisions"}],"wp:attachment":[{"href":"https:\/\/linitiative.ca\/International\/wp-json\/wp\/v2\/media?parent=123873"}],"wp:term":[{"taxonomy":"category","embeddable":true,"href":"https:\/\/linitiative.ca\/International\/wp-json\/wp\/v2\/categories?post=123873"},{"taxonomy":"post_tag","embeddable":true,"href":"https:\/\/linitiative.ca\/International\/wp-json\/wp\/v2\/tags?post=123873"}],"curies":[{"name":"wp","href":"https:\/\/api.w.org\/{rel}","templated":true}]}}