{"id":123877,"date":"2021-08-11T13:48:59","date_gmt":"2021-08-11T17:48:59","guid":{"rendered":"https:\/\/linitiative.ca\/International\/la-chaine-systeme-u-met-le-turbo-au-maroc\/"},"modified":"2021-08-11T13:48:59","modified_gmt":"2021-08-11T17:48:59","slug":"la-chaine-systeme-u-met-le-turbo-au-maroc","status":"publish","type":"post","link":"https:\/\/linitiative.ca\/International\/la-chaine-systeme-u-met-le-turbo-au-maroc\/","title":{"rendered":"La cha\u00eene Syst\u00e8me U met le turbo au Maroc"},"content":{"rendered":"<div><img decoding=\"async\" width=\"891\" height=\"470\" src=\"https:\/\/linitiative.ca\/International\/wp-content\/uploads\/sites\/23\/2021\/08\/121665564_2810702142533208_9196433734114657806_o-e1602930634908.jpeg\" class=\"attachment-post-thumbnail size-post-thumbnail wp-post-image\" alt=\"\" loading=\"lazy\" srcset=\"https:\/\/linitiative.ca\/International\/wp-content\/uploads\/sites\/23\/2021\/08\/121665564_2810702142533208_9196433734114657806_o-e1602930634908.jpeg 891w, https:\/\/www.challenge.ma\/wp-content\/uploads\/2021\/07\/121665564_2810702142533208_9196433734114657806_o-e1602930634908-300x158.jpeg 300w, https:\/\/www.challenge.ma\/wp-content\/uploads\/2021\/07\/121665564_2810702142533208_9196433734114657806_o-e1602930634908-768x405.jpeg 768w, https:\/\/www.challenge.ma\/wp-content\/uploads\/2021\/07\/121665564_2810702142533208_9196433734114657806_o-e1602930634908-360x190.jpeg 360w, https:\/\/www.challenge.ma\/wp-content\/uploads\/2021\/07\/121665564_2810702142533208_9196433734114657806_o-e1602930634908-750x396.jpeg 750w\" sizes=\"auto, (max-width: 891px) 100vw, 891px\" itemprop=\"image\">Deux ans apr\u00e8s avoir pris pied au Maroc, l\u2019enseigne fran\u00e7aise de supermarch\u00e9s de quartier U Express s\u2019appr\u00eate \u00e0 passer la vitesse sup\u00e9rieure. En effet, ce g\u00e9ant fran\u00e7ais de la distribution alimentaire s\u2019appr\u00eate \u00e0 tripler de taille au Maroc au cours des prochaines semaines, gr\u00e2ce au lancement de quatre nouveaux points<\/div>\n<p>Auteur: challenge<br \/>\n<a href=\"https:\/\/www.challenge.ma\/la-chaine-systeme-u-met-le-turbo-au-maroc-194513\/\">Cliquez ici pour lire l&rsquo;article depuis sa source.<\/a><\/p>\n","protected":false},"excerpt":{"rendered":"<p>Deux ans apr\u00e8s avoir pris pied au Maroc, l\u2019enseigne fran\u00e7aise de supermarch\u00e9s de quartier U Express s\u2019appr\u00eate \u00e0 passer la vitesse sup\u00e9rieure. En effet, ce g\u00e9ant fran\u00e7ais de la distribution alimentaire s\u2019appr\u00eate \u00e0 tripler de taille au Maroc au cours des prochaines semaines, gr\u00e2ce au lancement de quatre nouveaux points Auteur: challenge Cliquez ici pour [&hellip;]<\/p>\n","protected":false},"author":1787,"featured_media":0,"comment_status":"closed","ping_status":"closed","sticky":false,"template":"","format":"standard","meta":{"fifu_image_url":"https:\/\/www.challenge.ma\/wp-content\/uploads\/2021\/07\/121665564_2810702142533208_9196433734114657806_o-e1602930634908.jpeg","fifu_image_alt":"La cha\u00eene Syst\u00e8me U met le turbo au Maroc","footnotes":""},"categories":[78,54],"tags":[],"class_list":["post-123877","post","type-post","status-publish","format-standard","hentry","category-economie","category-maroc"],"_links":{"self":[{"href":"https:\/\/linitiative.ca\/International\/wp-json\/wp\/v2\/posts\/123877","targetHints":{"allow":["GET"]}}],"collection":[{"href":"https:\/\/linitiative.ca\/International\/wp-json\/wp\/v2\/posts"}],"about":[{"href":"https:\/\/linitiative.ca\/International\/wp-json\/wp\/v2\/types\/post"}],"author":[{"embeddable":true,"href":"https:\/\/linitiative.ca\/International\/wp-json\/wp\/v2\/users\/1787"}],"replies":[{"embeddable":true,"href":"https:\/\/linitiative.ca\/International\/wp-json\/wp\/v2\/comments?post=123877"}],"version-history":[{"count":0,"href":"https:\/\/linitiative.ca\/International\/wp-json\/wp\/v2\/posts\/123877\/revisions"}],"wp:attachment":[{"href":"https:\/\/linitiative.ca\/International\/wp-json\/wp\/v2\/media?parent=123877"}],"wp:term":[{"taxonomy":"category","embeddable":true,"href":"https:\/\/linitiative.ca\/International\/wp-json\/wp\/v2\/categories?post=123877"},{"taxonomy":"post_tag","embeddable":true,"href":"https:\/\/linitiative.ca\/International\/wp-json\/wp\/v2\/tags?post=123877"}],"curies":[{"name":"wp","href":"https:\/\/api.w.org\/{rel}","templated":true}]}}