{"id":123881,"date":"2021-08-11T16:21:07","date_gmt":"2021-08-11T20:21:07","guid":{"rendered":"https:\/\/linitiative.ca\/International\/le-maroc-et-israel-signent-trois-accords-de-cooperation\/"},"modified":"2021-08-11T16:21:07","modified_gmt":"2021-08-11T20:21:07","slug":"le-maroc-et-israel-signent-trois-accords-de-cooperation","status":"publish","type":"post","link":"https:\/\/linitiative.ca\/International\/le-maroc-et-israel-signent-trois-accords-de-cooperation\/","title":{"rendered":"Le Maroc et Isra\u00ebl signent trois accords de coop\u00e9ration"},"content":{"rendered":"<div><img decoding=\"async\" width=\"1599\" height=\"1066\" src=\"https:\/\/linitiative.ca\/International\/wp-content\/uploads\/sites\/23\/2021\/08\/bourita-2.jpg\" class=\"attachment-post-thumbnail size-post-thumbnail wp-post-image\" alt=\"\" loading=\"lazy\" srcset=\"https:\/\/linitiative.ca\/International\/wp-content\/uploads\/sites\/23\/2021\/08\/bourita-2.jpg 1599w, https:\/\/www.challenge.ma\/wp-content\/uploads\/2021\/08\/bourita-2-300x200.jpg 300w, https:\/\/www.challenge.ma\/wp-content\/uploads\/2021\/08\/bourita-2-1024x683.jpg 1024w, https:\/\/www.challenge.ma\/wp-content\/uploads\/2021\/08\/bourita-2-768x512.jpg 768w, https:\/\/www.challenge.ma\/wp-content\/uploads\/2021\/08\/bourita-2-1536x1024.jpg 1536w, https:\/\/www.challenge.ma\/wp-content\/uploads\/2021\/08\/bourita-2-360x240.jpg 360w\" sizes=\"auto, (max-width: 1599px) 100vw, 1599px\" itemprop=\"image\">Dans le cadre de la visite du ministre des Affaires \u00e9trang\u00e8res isra\u00e9lien au Maroc, le Maroc et Isra\u00ebl ont sign\u00e9, mercredi \u00e0 Rabat, trois accords de coop\u00e9ration. Paraph\u00e9s par le ministre des Affaires \u00e9trang\u00e8res, de la Coop\u00e9ration africaine et des Marocains r\u00e9sidant \u00e0 l\u2019\u00e9tranger, Nasser Bourita, et son homologue isra\u00e9lien,<\/div>\n<p>Auteur: challenge<br \/>\n<a href=\"https:\/\/www.challenge.ma\/le-maroc-et-israel-signent-trois-accords-de-cooperation-195505\/\">Cliquez ici pour lire l&rsquo;article depuis sa source.<\/a><\/p>\n","protected":false},"excerpt":{"rendered":"<p>Dans le cadre de la visite du ministre des Affaires \u00e9trang\u00e8res isra\u00e9lien au Maroc, le Maroc et Isra\u00ebl ont sign\u00e9, mercredi \u00e0 Rabat, trois accords de coop\u00e9ration. Paraph\u00e9s par le ministre des Affaires \u00e9trang\u00e8res, de la Coop\u00e9ration africaine et des Marocains r\u00e9sidant \u00e0 l\u2019\u00e9tranger, Nasser Bourita, et son homologue isra\u00e9lien, Auteur: challenge Cliquez ici pour [&hellip;]<\/p>\n","protected":false},"author":1787,"featured_media":0,"comment_status":"closed","ping_status":"closed","sticky":false,"template":"","format":"standard","meta":{"fifu_image_url":"https:\/\/www.challenge.ma\/wp-content\/uploads\/2021\/08\/bourita-2.jpg","fifu_image_alt":"Le Maroc et Isra\u00ebl signent trois accords de coop\u00e9ration","footnotes":""},"categories":[78,54],"tags":[],"class_list":["post-123881","post","type-post","status-publish","format-standard","hentry","category-economie","category-maroc"],"_links":{"self":[{"href":"https:\/\/linitiative.ca\/International\/wp-json\/wp\/v2\/posts\/123881","targetHints":{"allow":["GET"]}}],"collection":[{"href":"https:\/\/linitiative.ca\/International\/wp-json\/wp\/v2\/posts"}],"about":[{"href":"https:\/\/linitiative.ca\/International\/wp-json\/wp\/v2\/types\/post"}],"author":[{"embeddable":true,"href":"https:\/\/linitiative.ca\/International\/wp-json\/wp\/v2\/users\/1787"}],"replies":[{"embeddable":true,"href":"https:\/\/linitiative.ca\/International\/wp-json\/wp\/v2\/comments?post=123881"}],"version-history":[{"count":0,"href":"https:\/\/linitiative.ca\/International\/wp-json\/wp\/v2\/posts\/123881\/revisions"}],"wp:attachment":[{"href":"https:\/\/linitiative.ca\/International\/wp-json\/wp\/v2\/media?parent=123881"}],"wp:term":[{"taxonomy":"category","embeddable":true,"href":"https:\/\/linitiative.ca\/International\/wp-json\/wp\/v2\/categories?post=123881"},{"taxonomy":"post_tag","embeddable":true,"href":"https:\/\/linitiative.ca\/International\/wp-json\/wp\/v2\/tags?post=123881"}],"curies":[{"name":"wp","href":"https:\/\/api.w.org\/{rel}","templated":true}]}}