{"id":123883,"date":"2021-08-11T16:44:53","date_gmt":"2021-08-11T20:44:53","guid":{"rendered":"https:\/\/linitiative.ca\/International\/selon-le-developpeur-dastrazeneca-il-est-impossible-datteindre-limmunite-collective-a-cause-du-variant-delta\/"},"modified":"2021-08-11T16:44:53","modified_gmt":"2021-08-11T20:44:53","slug":"selon-le-developpeur-dastrazeneca-il-est-impossible-datteindre-limmunite-collective-a-cause-du-variant-delta","status":"publish","type":"post","link":"https:\/\/linitiative.ca\/International\/selon-le-developpeur-dastrazeneca-il-est-impossible-datteindre-limmunite-collective-a-cause-du-variant-delta\/","title":{"rendered":"Selon le d\u00e9veloppeur d\u2019AstraZeneca, il est impossible d\u2019atteindre l\u2019immunit\u00e9 collective \u00e0 cause du variant Delta."},"content":{"rendered":"<div><img decoding=\"async\" width=\"390\" height=\"243\" src=\"https:\/\/linitiative.ca\/International\/wp-content\/uploads\/sites\/23\/2021\/08\/imm.jpg\" class=\"attachment-post-thumbnail size-post-thumbnail wp-post-image\" alt=\"\" loading=\"lazy\" srcset=\"https:\/\/linitiative.ca\/International\/wp-content\/uploads\/sites\/23\/2021\/08\/imm.jpg 390w, https:\/\/www.challenge.ma\/wp-content\/uploads\/2021\/08\/imm-300x187.jpg 300w, https:\/\/www.challenge.ma\/wp-content\/uploads\/2021\/08\/imm-360x224.jpg 360w\" sizes=\"auto, (max-width: 390px) 100vw, 390px\" itemprop=\"image\">Le professeur \u00e0 l\u2019origine du vaccin d\u2019Oxford\/AstraZeneca affirme que le variant Delta a rendu l\u2019immunit\u00e9 de groupe impossible, car les personnes vaccin\u00e9es peuvent toujours transmettre le virus. Professeur en maladies infectieuses \u00e0 l\u2019Universit\u00e9 d\u2019Oxford, Andrew Pollard, a d\u00e9clar\u00e9 que le variant Delta, hautement contagieux, a mis un coup dur aux<\/div>\n<p>Auteur: challenge<br \/>\n<a href=\"https:\/\/www.challenge.ma\/selon-le-developpeur-dastrazeneca-il-est-impossible-datteindre-limmunite-collective-a-cause-du-variant-delta-195511\/\">Cliquez ici pour lire l&rsquo;article depuis sa source.<\/a><\/p>\n","protected":false},"excerpt":{"rendered":"<p>Le professeur \u00e0 l\u2019origine du vaccin d\u2019Oxford\/AstraZeneca affirme que le variant Delta a rendu l\u2019immunit\u00e9 de groupe impossible, car les personnes vaccin\u00e9es peuvent toujours transmettre le virus. Professeur en maladies infectieuses \u00e0 l\u2019Universit\u00e9 d\u2019Oxford, Andrew Pollard, a d\u00e9clar\u00e9 que le variant Delta, hautement contagieux, a mis un coup dur aux Auteur: challenge Cliquez ici pour [&hellip;]<\/p>\n","protected":false},"author":1787,"featured_media":0,"comment_status":"closed","ping_status":"closed","sticky":false,"template":"","format":"standard","meta":{"fifu_image_url":"https:\/\/www.challenge.ma\/wp-content\/uploads\/2021\/08\/imm.jpg","fifu_image_alt":"Selon le d\u00e9veloppeur d\u2019AstraZeneca, il est impossible d\u2019atteindre l\u2019immunit\u00e9 collective \u00e0 cause du variant Delta.","footnotes":""},"categories":[78,54],"tags":[],"class_list":["post-123883","post","type-post","status-publish","format-standard","hentry","category-economie","category-maroc"],"_links":{"self":[{"href":"https:\/\/linitiative.ca\/International\/wp-json\/wp\/v2\/posts\/123883","targetHints":{"allow":["GET"]}}],"collection":[{"href":"https:\/\/linitiative.ca\/International\/wp-json\/wp\/v2\/posts"}],"about":[{"href":"https:\/\/linitiative.ca\/International\/wp-json\/wp\/v2\/types\/post"}],"author":[{"embeddable":true,"href":"https:\/\/linitiative.ca\/International\/wp-json\/wp\/v2\/users\/1787"}],"replies":[{"embeddable":true,"href":"https:\/\/linitiative.ca\/International\/wp-json\/wp\/v2\/comments?post=123883"}],"version-history":[{"count":0,"href":"https:\/\/linitiative.ca\/International\/wp-json\/wp\/v2\/posts\/123883\/revisions"}],"wp:attachment":[{"href":"https:\/\/linitiative.ca\/International\/wp-json\/wp\/v2\/media?parent=123883"}],"wp:term":[{"taxonomy":"category","embeddable":true,"href":"https:\/\/linitiative.ca\/International\/wp-json\/wp\/v2\/categories?post=123883"},{"taxonomy":"post_tag","embeddable":true,"href":"https:\/\/linitiative.ca\/International\/wp-json\/wp\/v2\/tags?post=123883"}],"curies":[{"name":"wp","href":"https:\/\/api.w.org\/{rel}","templated":true}]}}