{"id":123885,"date":"2021-08-11T14:55:45","date_gmt":"2021-08-11T18:55:45","guid":{"rendered":"https:\/\/linitiative.ca\/International\/saied-commentant-le-delit-de-la-juge-si-un-garcon-vole-un-article-insignifiant-dans-un-magasin-il-aurait-ete-emprisonne\/"},"modified":"2021-08-11T14:55:45","modified_gmt":"2021-08-11T18:55:45","slug":"saied-commentant-le-delit-de-la-juge-si-un-garcon-vole-un-article-insignifiant-dans-un-magasin-il-aurait-ete-emprisonne","status":"publish","type":"post","link":"https:\/\/linitiative.ca\/International\/saied-commentant-le-delit-de-la-juge-si-un-garcon-vole-un-article-insignifiant-dans-un-magasin-il-aurait-ete-emprisonne\/","title":{"rendered":"Saied commentant le d\u00e9lit de la Juge : \u00ab Si un gar\u00e7on vole un article insignifiant dans un magasin, il aurait \u00e9t\u00e9 emprisonn\u00e9 \u00bb"},"content":{"rendered":"<div>\n<p>Le pr\u00e9sident de la R\u00e9publique, Kais Saied a renouvel\u00e9 le 11 ao\u00fbt 2021, son engagement \u00e0 appliquer la loi \u00e0 tous les citoyens sur le m\u00eame pied d\u2019\u00e9galit\u00e9. Commentant l\u2019affaire de l\u2019arrestation d\u2019une magistrate en possession de 1,5 million de dinars \u00e0 Monastir, il a exprim\u00e9 son regret que certaines personnes se croient au-dessus de [\u2026]<\/p>\n<p>L\u2019article <a href=\"https:\/\/www.tunisienumerique.com\/saied-commentant-le-delit-de-la-juge-si-un-garcon-vole-un-article-insignifiant-dans-un-magasin-il-aurait-ete-emprisonne\/\">Saied commentant le d\u00e9lit de la Juge : \u00ab Si un gar\u00e7on vole un article insignifiant dans un magasin, il aurait \u00e9t\u00e9 emprisonn\u00e9 \u00bb<\/a> est apparu en premier sur <a href=\"http:\/\/www.tunisienumerique.com\/\">Tunisie<\/a>.<\/p>\n<\/div>\n<p>Auteur: rania ben slimane<br \/>\n<a href=\"https:\/\/www.tunisienumerique.com\/saied-commentant-le-delit-de-la-juge-si-un-garcon-vole-un-article-insignifiant-dans-un-magasin-il-aurait-ete-emprisonne\/\">Cliquez ici pour lire l&rsquo;article depuis sa source.<\/a><\/p>\n","protected":false},"excerpt":{"rendered":"<p>Le pr\u00e9sident de la R\u00e9publique, Kais Saied a renouvel\u00e9 le 11 ao\u00fbt 2021, son engagement \u00e0 appliquer la loi \u00e0 tous les citoyens sur le m\u00eame pied d\u2019\u00e9galit\u00e9. Commentant l\u2019affaire de l\u2019arrestation d\u2019une magistrate en possession de 1,5 million de dinars \u00e0 Monastir, il a exprim\u00e9 son regret que certaines personnes se croient au-dessus de [&hellip;]<\/p>\n","protected":false},"author":1789,"featured_media":0,"comment_status":"closed","ping_status":"closed","sticky":false,"template":"","format":"standard","meta":{"fifu_image_url":"","fifu_image_alt":"","footnotes":""},"categories":[73,55],"tags":[],"class_list":["post-123885","post","type-post","status-publish","format-standard","hentry","category-actualite","category-tunisie"],"_links":{"self":[{"href":"https:\/\/linitiative.ca\/International\/wp-json\/wp\/v2\/posts\/123885","targetHints":{"allow":["GET"]}}],"collection":[{"href":"https:\/\/linitiative.ca\/International\/wp-json\/wp\/v2\/posts"}],"about":[{"href":"https:\/\/linitiative.ca\/International\/wp-json\/wp\/v2\/types\/post"}],"author":[{"embeddable":true,"href":"https:\/\/linitiative.ca\/International\/wp-json\/wp\/v2\/users\/1789"}],"replies":[{"embeddable":true,"href":"https:\/\/linitiative.ca\/International\/wp-json\/wp\/v2\/comments?post=123885"}],"version-history":[{"count":0,"href":"https:\/\/linitiative.ca\/International\/wp-json\/wp\/v2\/posts\/123885\/revisions"}],"wp:attachment":[{"href":"https:\/\/linitiative.ca\/International\/wp-json\/wp\/v2\/media?parent=123885"}],"wp:term":[{"taxonomy":"category","embeddable":true,"href":"https:\/\/linitiative.ca\/International\/wp-json\/wp\/v2\/categories?post=123885"},{"taxonomy":"post_tag","embeddable":true,"href":"https:\/\/linitiative.ca\/International\/wp-json\/wp\/v2\/tags?post=123885"}],"curies":[{"name":"wp","href":"https:\/\/api.w.org\/{rel}","templated":true}]}}