{"id":123888,"date":"2021-08-11T16:48:31","date_gmt":"2021-08-11T20:48:31","guid":{"rendered":"https:\/\/linitiative.ca\/International\/la-bourse-de-tunis-en-equilibre-instable\/"},"modified":"2021-08-11T16:48:31","modified_gmt":"2021-08-11T20:48:31","slug":"la-bourse-de-tunis-en-equilibre-instable","status":"publish","type":"post","link":"https:\/\/linitiative.ca\/International\/la-bourse-de-tunis-en-equilibre-instable\/","title":{"rendered":"La Bourse de Tunis en \u00e9quilibre instable"},"content":{"rendered":"<div>\n<p>Comportement du march\u00e9 La rupture de l\u2019activit\u00e9 du march\u00e9 boursier suite \u00e0 l\u2019arr\u00eat de son activit\u00e9 hier en raison du cong\u00e9 de la f\u00eate du nouvel an de l\u2019h\u00e9gire a l\u00e9g\u00e8rement impact\u00e9 son trend haussier constat\u00e9 depuis presque deux semaines. La s\u00e9ance d\u2019aujourd\u2019hui mercredi 10 9 ao\u00fbt 2021 a \u00e9t\u00e9 marqu\u00e9e par une profondeur acceptable [\u2026]<\/p>\n<p>L\u2019article <a href=\"https:\/\/www.tunisienumerique.com\/la-bourse-de-tunis-en-equilibre-instable\/\">La Bourse de Tunis en \u00e9quilibre instable<\/a> est apparu en premier sur <a href=\"http:\/\/www.tunisienumerique.com\/\">Tunisie<\/a>.<\/p>\n<\/div>\n<p>Auteur: Mohamed Ben Abderrazek<br \/>\n<a href=\"https:\/\/www.tunisienumerique.com\/la-bourse-de-tunis-en-equilibre-instable\/\">Cliquez ici pour lire l&rsquo;article depuis sa source.<\/a><\/p>\n","protected":false},"excerpt":{"rendered":"<p>Comportement du march\u00e9 La rupture de l\u2019activit\u00e9 du march\u00e9 boursier suite \u00e0 l\u2019arr\u00eat de son activit\u00e9 hier en raison du cong\u00e9 de la f\u00eate du nouvel an de l\u2019h\u00e9gire a l\u00e9g\u00e8rement impact\u00e9 son trend haussier constat\u00e9 depuis presque deux semaines. La s\u00e9ance d\u2019aujourd\u2019hui mercredi 10 9 ao\u00fbt 2021 a \u00e9t\u00e9 marqu\u00e9e par une profondeur acceptable [&hellip;]<\/p>\n","protected":false},"author":1789,"featured_media":0,"comment_status":"closed","ping_status":"closed","sticky":false,"template":"","format":"standard","meta":{"fifu_image_url":"","fifu_image_alt":"","footnotes":""},"categories":[73,55],"tags":[],"class_list":["post-123888","post","type-post","status-publish","format-standard","hentry","category-actualite","category-tunisie"],"_links":{"self":[{"href":"https:\/\/linitiative.ca\/International\/wp-json\/wp\/v2\/posts\/123888","targetHints":{"allow":["GET"]}}],"collection":[{"href":"https:\/\/linitiative.ca\/International\/wp-json\/wp\/v2\/posts"}],"about":[{"href":"https:\/\/linitiative.ca\/International\/wp-json\/wp\/v2\/types\/post"}],"author":[{"embeddable":true,"href":"https:\/\/linitiative.ca\/International\/wp-json\/wp\/v2\/users\/1789"}],"replies":[{"embeddable":true,"href":"https:\/\/linitiative.ca\/International\/wp-json\/wp\/v2\/comments?post=123888"}],"version-history":[{"count":0,"href":"https:\/\/linitiative.ca\/International\/wp-json\/wp\/v2\/posts\/123888\/revisions"}],"wp:attachment":[{"href":"https:\/\/linitiative.ca\/International\/wp-json\/wp\/v2\/media?parent=123888"}],"wp:term":[{"taxonomy":"category","embeddable":true,"href":"https:\/\/linitiative.ca\/International\/wp-json\/wp\/v2\/categories?post=123888"},{"taxonomy":"post_tag","embeddable":true,"href":"https:\/\/linitiative.ca\/International\/wp-json\/wp\/v2\/tags?post=123888"}],"curies":[{"name":"wp","href":"https:\/\/api.w.org\/{rel}","templated":true}]}}