{"id":123890,"date":"2021-08-11T15:33:29","date_gmt":"2021-08-11T19:33:29","guid":{"rendered":"https:\/\/linitiative.ca\/International\/elections-generales-en-zambie-sur-fond-de-tensions-economiques-et-sociales\/"},"modified":"2021-08-11T15:33:29","modified_gmt":"2021-08-11T19:33:29","slug":"elections-generales-en-zambie-sur-fond-de-tensions-economiques-et-sociales","status":"publish","type":"post","link":"https:\/\/linitiative.ca\/International\/elections-generales-en-zambie-sur-fond-de-tensions-economiques-et-sociales\/","title":{"rendered":"ELECTIONS GENERALES EN ZAMBIE SUR FOND DE TENSIONS ECONOMIQUES ET SOCIALES"},"content":{"rendered":"<div>\n<p><img decoding=\"async\" width=\"275\" height=\"183\" src=\"https:\/\/linitiative.ca\/International\/wp-content\/uploads\/sites\/23\/2021\/08\/ZAMBIE.jpg\" class=\"attachment- size- wp-post-image\" alt=\"\" loading=\"lazy\" style=\"float:left; margin:0 15px 15px 0;\">Ce jour, 12 ao\u00fbt 2021, les Zambiens se rendent aux urnes pour choisir parmi les 16 candidats en lice, celui qui pr\u00e9sidera aux destin\u00e9es de leur pays, pour les cinq ann\u00e9es \u00e0 venir. \u00a0Mais celui que craindra le plus, le pr\u00e9sident sortant, Edgar Lungu, qui sollicite un nouveau mandat, c\u2019est bien son principal challenger, Hakainde \u2026<\/p>\n<p>L\u2019article <a rel=\"nofollow\" href=\"https:\/\/lepays.bf\/elections-generales-en-zambie-sur-fond-de-tensions-economiques-et-sociales\/\">ELECTIONS GENERALES EN ZAMBIE SUR FOND DE TENSIONS ECONOMIQUES ET SOCIALES<\/a> est apparu en premier sur <a rel=\"nofollow\" href=\"https:\/\/lepays.bf\/\">Editions Le Pays<\/a>.<\/p>\n<\/div>\n<p>Auteur: Editions LEPAYS<br \/>\n<a href=\"https:\/\/lepays.bf\/elections-generales-en-zambie-sur-fond-de-tensions-economiques-et-sociales\/\">Cliquez ici pour lire l&rsquo;article depuis sa source.<\/a><\/p>\n","protected":false},"excerpt":{"rendered":"<p>Ce jour, 12 ao\u00fbt 2021, les Zambiens se rendent aux urnes pour choisir parmi les 16 candidats en lice, celui qui pr\u00e9sidera aux destin\u00e9es de leur pays, pour les cinq ann\u00e9es \u00e0 venir. \u00a0Mais celui que craindra le plus, le pr\u00e9sident sortant, Edgar Lungu, qui sollicite un nouveau mandat, c\u2019est bien son principal challenger, Hakainde [&hellip;]<\/p>\n","protected":false},"author":1813,"featured_media":0,"comment_status":"closed","ping_status":"closed","sticky":false,"template":"","format":"standard","meta":{"fifu_image_url":"https:\/\/lepays.bf\/wp-content\/uploads\/2021\/08\/ZAMBIE.jpg","fifu_image_alt":"ELECTIONS GENERALES EN ZAMBIE SUR FOND DE TENSIONS ECONOMIQUES ET SOCIALES","footnotes":""},"categories":[73,81],"tags":[],"class_list":["post-123890","post","type-post","status-publish","format-standard","hentry","category-actualite","category-burkina-faso"],"_links":{"self":[{"href":"https:\/\/linitiative.ca\/International\/wp-json\/wp\/v2\/posts\/123890","targetHints":{"allow":["GET"]}}],"collection":[{"href":"https:\/\/linitiative.ca\/International\/wp-json\/wp\/v2\/posts"}],"about":[{"href":"https:\/\/linitiative.ca\/International\/wp-json\/wp\/v2\/types\/post"}],"author":[{"embeddable":true,"href":"https:\/\/linitiative.ca\/International\/wp-json\/wp\/v2\/users\/1813"}],"replies":[{"embeddable":true,"href":"https:\/\/linitiative.ca\/International\/wp-json\/wp\/v2\/comments?post=123890"}],"version-history":[{"count":0,"href":"https:\/\/linitiative.ca\/International\/wp-json\/wp\/v2\/posts\/123890\/revisions"}],"wp:attachment":[{"href":"https:\/\/linitiative.ca\/International\/wp-json\/wp\/v2\/media?parent=123890"}],"wp:term":[{"taxonomy":"category","embeddable":true,"href":"https:\/\/linitiative.ca\/International\/wp-json\/wp\/v2\/categories?post=123890"},{"taxonomy":"post_tag","embeddable":true,"href":"https:\/\/linitiative.ca\/International\/wp-json\/wp\/v2\/tags?post=123890"}],"curies":[{"name":"wp","href":"https:\/\/api.w.org\/{rel}","templated":true}]}}