{"id":123893,"date":"2021-08-11T06:37:39","date_gmt":"2021-08-11T10:37:39","guid":{"rendered":"https:\/\/linitiative.ca\/International\/afrique-de-louest-le-benin-revele-en-marche\/"},"modified":"2021-08-11T06:37:39","modified_gmt":"2021-08-11T10:37:39","slug":"afrique-de-louest-le-benin-revele-en-marche","status":"publish","type":"post","link":"https:\/\/linitiative.ca\/International\/afrique-de-louest-le-benin-revele-en-marche\/","title":{"rendered":"Afrique de l\u2019Ouest\u00a0: Le \u00ab\u00a0B\u00e9nin r\u00e9v\u00e9l\u00e9\u00a0\u00bb en marche"},"content":{"rendered":"<div>\n<p><strong>Le B\u00e9nin d\u00e9ploie des efforts, pour assainir ses finances publiques et gagner la confiance des march\u00e9s.\u00a0 Idem pour l\u2019am\u00e9lioration du cadre de vie des populations. Les ministres en charge de ces questions respectifs, Romuald Wadagni et Jos\u00e9 Didier Tonato, se sont confi\u00e9s \u00e0 Sidwaya, courant ao\u00fbt 2021<\/strong>.<\/p>\n<p>Le <em>\u00ab\u00a0B\u00e9nin r\u00e9v\u00e9l\u00e9\u00a0\u00bb,<\/em> programme d\u2019investissement d\u2019envergure initi\u00e9 par le pr\u00e9sident, Patrice Talon, pour relancer le d\u00e9veloppement \u00e9conomique et social du pays, a produit des r\u00e9sultats <em>\u00ab\u00a0probants\u00a0\u00bb<\/em> sur la p\u00e9riode 2016-2021. Dans le domaine des finances publiques, le ministre d\u2019Etat charg\u00e9 de l\u2019Economie, Romuald Wadagni, dit \u00eatre fier des efforts accomplis, pour am\u00e9liorer la gestion des deniers publics, ces cinq derni\u00e8res ann\u00e9es. Apurement des dettes li\u00e9es aux droits des fonctionnaires (100 milliards F CFA), r\u00e9duction des frais de voyages \u00e0 l\u2019international, baisse des imp\u00f4ts de 52 \u00e0 43 avec les m\u00eame taux, d\u00e9mat\u00e9rialisation des services\u2026.ce sont autant de mesures mises en application depuis 2016, d\u2019apr\u00e8s le ministre Wadagni. <em>\u00ab\u00a0Plus de 2\/3 du budget national \u00e9tait allou\u00e9 aux d\u00e9penses de fonctionnement.\u00a0 Ce n\u2019est plus le cas.\u00a0 Les mesures \u00e9voqu\u00e9es ont permis d\u2019am\u00e9liorer l\u2019efficacit\u00e9 de la d\u00e9pense publique pour faire des investissements. Elles ont \u00e9t\u00e9 \u00e9galement d\u2019un apport capital dans l\u2019am\u00e9lioration de la signature du B\u00e9nin \u00e0 l\u2019international. Aucun march\u00e9 ne connaissait notre pays, qui n\u2019\u00e9tait d\u2019ailleurs pas not\u00e9. <\/em><\/p>\n<p><em>Les r\u00e9alit\u00e9s ont bien chang\u00e9.\u00a0\u00bb, <\/em>se f\u00e9licite l\u2019argentier. Indiquant que malgr\u00e9 la crise sanitaire de la covid-19, le taux de croissance du B\u00e9nin pour 2021 est de 6%, contre 3,8 % l\u2019ann\u00e9e derni\u00e8re, le ministre Wadagni a soulign\u00e9 que son pays est un exemple sur le continent. Le B\u00e9nin, a-t-il d\u00e9clar\u00e9, est le premier en Afrique \u00e0 \u00e9mettre, avec succ\u00e8s, un Eurobond destin\u00e9 au financement des projets \u00e0 fort impact sur l\u2019atteinte des Objectifs de d\u00e9veloppement durable (ODD) des Nations-Unies, le 14 juillet dernier.\u00a0 Cette op\u00e9ration a permis de mobiliser 500 millions d\u2019euros, soit 328 milliards FCFA, sur 14 ans, avec un taux de remboursement de 4, 95%. <em>\u00ab\u00a0Nous avons travaill\u00e9 \u00e0 asseoir notre cr\u00e9dibilit\u00e9 sur les places financi\u00e8res.\u00a0 Si nous gardons le cap, nous n\u2019aurons pas de difficult\u00e9 pour lever des fonds \u00e0 l\u2019international\u00a0\u00bb, <\/em>a soutenu le ministre Wadagni. A l\u2019entendre, l\u2019Eurobond ODD va servir au financement de projets sociaux et environnementaux, conform\u00e9ment aux engagements du pr\u00e9sident, Patrice Talon, pour son second mandat, \u00e9tal\u00e9 sur la p\u00e9riode 2021- 2026. Pour le ministre Wadagni, s\u2019endetter n\u2019est pas un probl\u00e8me, \u00e0 condition que l\u2019argent emprunt\u00e9 serve \u00e0 r\u00e9aliser de <em>\u00ab\u00a0bons\u00a0\u00bb <\/em>investissements.<\/p>\n<p style=\"text-align: center\"><strong>De la d\u00e9pendance vis-\u00e0-vis du Nig\u00e9ria<\/strong><\/p>\n<p>Le ministre de l\u2019Economie b\u00e9ninois a \u00e9galement r\u00e9agi \u00e0 la d\u00e9pendance de son pays vis-\u00e0-vis du voisin nig\u00e9rian.\u00a0 <em>\u00ab\u00a0S\u2019il y avait un choc au Nig\u00e9ria, le B\u00e9nin \u00e9tait fortement touch\u00e9.\u00a0 Nous avons travaill\u00e9 \u00e0 changer la donne, avec les r\u00e9formes dans le secteur des finances publiques. Cette d\u00e9pendance n\u2019est plus une r\u00e9alit\u00e9.\u00a0 En 2020, le Nig\u00e9ria a fait une r\u00e9cession, mais pas le B\u00e9nin. Nos deux pays sont compl\u00e9mentaires \u00e0 la v\u00e9rit\u00e9\u00a0\u00bb,<\/em> a-t-il confi\u00e9. Son coll\u00e8gue du Cadre de vie et du D\u00e9veloppement durable, Jos\u00e9 Didier Tonato, a abond\u00e9 dans le m\u00eame sens. <em>\u00ab\u00a0Si le Nig\u00e9ria fermait ses fronti\u00e8res avant, le B\u00e9nin ne pouvait pas tenir un mois. Ce n\u2019est plus le cas\u00a0\u00bb<\/em>, a affirm\u00e9 celui-ci. Le ministre Tonato est par ailleurs revenu sur les efforts consentis pour changer le cadre de vie des B\u00e9ninois. <em>\u00ab\u00a0Cotonou est devenue une ville propre o\u00f9 il fait bon vivre. Nous avons cr\u00e9\u00e9 une soci\u00e9t\u00e9 de gestion des ordures, ce qui nous a permis de parvenir \u00e0 ce r\u00e9sultat\u00a0\u00bb<\/em>, s\u2019est-il enorgueilli d\u2019entr\u00e9e de jeu.<\/p>\n<figure id=\"attachment_38460\" aria-describedby=\"caption-attachment-38460\" style=\"width: 747px\" class=\"wp-caption alignnone\"><img decoding=\"async\" loading=\"lazy\" class=\"wp-image-38460 size-full\" src=\"https:\/\/linitiative.ca\/International\/wp-content\/uploads\/sites\/23\/2021\/08\/2-2.jpeg\" alt=\"\" width=\"747\" height=\"760\" srcset=\"https:\/\/linitiative.ca\/International\/wp-content\/uploads\/sites\/23\/2021\/08\/2-2.jpeg 747w, https:\/\/www.sidwaya.info\/wp-content\/uploads\/2021\/08\/2-2-295x300.jpeg 295w, https:\/\/www.sidwaya.info\/wp-content\/uploads\/2021\/08\/2-2-150x153.jpeg 150w, https:\/\/www.sidwaya.info\/wp-content\/uploads\/2021\/08\/2-2-300x305.jpeg 300w, https:\/\/www.sidwaya.info\/wp-content\/uploads\/2021\/08\/2-2-696x708.jpeg 696w, https:\/\/www.sidwaya.info\/wp-content\/uploads\/2021\/08\/2-2-413x420.jpeg 413w\" sizes=\"auto, (max-width: 747px) 100vw, 747px\"><figcaption id=\"caption-attachment-38460\" class=\"wp-caption-text\">Le chef du d\u00e9partement du Cadre de vie, Jos\u00e9 Didier Tonato : \u00ab Le pr\u00e9sident Patrice Talon comprend tr\u00e8s bien la vision du d\u00e9veloppement \u00bb<\/figcaption><\/figure>\n<p>Depuis 2016, a relev\u00e9 le ministre Tonato, plus de 3000 milliards F CFA ont \u00e9t\u00e9 inject\u00e9s dans divers domaines.\u00a0 Il a cit\u00e9, entre autres secteurs, la protection c\u00f4ti\u00e8re, l\u2019am\u00e9nagement urbain, la construction de logements et la gestion des boues de vidange.\u00a0 Il a fait observer que plusieurs projets ont \u00e9t\u00e9 initi\u00e9s et conduits dans la <em>\u00ab\u00a0rigueur\u00a0\u00bb<\/em> et avec des \u00e9tudes pr\u00e9alables <em>\u00ab\u00a0bien men\u00e9es\u00a0\u00bb. <\/em>Ce qui n\u2019\u00e9tait pas le cas sous le r\u00e9gime de Yayi Boni, selon le ministre Tonato.<\/p>\n<p>Il a \u00e9voqu\u00e9, parmi tant d\u2019autres, le projet d\u2019\u00e9clairage solaire des 77 communes du pays (225 milliards F CFA), la construction de 20 march\u00e9s modernes (90 milliards F CFA) et l\u2019\u00e9rection de 22 stades couvertes de 3\u00a0000 places chacun. <em>\u00ab\u00a0Beaucoup de sacrifices sont faits pour changer la vie des B\u00e9ninois.\u00a0 Le pr\u00e9sident Patrice Talon comprend tr\u00e8s bien la vision du d\u00e9veloppement.\u00a0 Il a une sensibilit\u00e9 territoriale tr\u00e8s \u00e9lev\u00e9e\u00a0\u00bb, <\/em>a conclu le ministre Tonato.<\/p>\n<p style=\"text-align: right\"><strong>Kader Patrick KARANTAO<\/strong><\/p>\n<p style=\"text-align: right\"><strong>De retour de Cotonou<\/strong><\/p>\n<p>L\u2019article <a rel=\"nofollow\" href=\"https:\/\/www.sidwaya.info\/blog\/2021\/08\/11\/afrique-de-louest-le-benin-revele-en-marche\/\">Afrique de l\u2019Ouest\u00a0: Le \u00ab\u00a0B\u00e9nin r\u00e9v\u00e9l\u00e9\u00a0\u00bb en marche<\/a> est apparu en premier sur <a rel=\"nofollow\" href=\"https:\/\/www.sidwaya.info\/\">Quotidien Sidwaya<\/a>.<\/p>\n<\/div>\n<p>Auteur: Wamini SIDWAYA<br \/>\n<a href=\"https:\/\/www.sidwaya.info\/blog\/2021\/08\/11\/afrique-de-louest-le-benin-revele-en-marche\/\">Cliquez ici pour lire l&rsquo;article depuis sa source.<\/a><\/p>\n","protected":false},"excerpt":{"rendered":"<p>Le B\u00e9nin d\u00e9ploie des efforts, pour assainir ses finances publiques et gagner la confiance des march\u00e9s.\u00a0 Idem pour l\u2019am\u00e9lioration du cadre de vie des populations. Les ministres en charge de ces questions respectifs, Romuald Wadagni et Jos\u00e9 Didier Tonato, se sont confi\u00e9s \u00e0 Sidwaya, courant ao\u00fbt 2021. Le \u00ab\u00a0B\u00e9nin r\u00e9v\u00e9l\u00e9\u00a0\u00bb, programme d\u2019investissement d\u2019envergure initi\u00e9 par [&hellip;]<\/p>\n","protected":false},"author":1816,"featured_media":0,"comment_status":"closed","ping_status":"closed","sticky":false,"template":"","format":"standard","meta":{"fifu_image_url":"https:\/\/www.sidwaya.info\/wp-content\/uploads\/2021\/08\/2-2.jpeg","fifu_image_alt":"Afrique de l\u2019Ouest\u00a0: Le \u00ab\u00a0B\u00e9nin r\u00e9v\u00e9l\u00e9\u00a0\u00bb en marche","footnotes":""},"categories":[73,81],"tags":[],"class_list":["post-123893","post","type-post","status-publish","format-standard","hentry","category-actualite","category-burkina-faso"],"_links":{"self":[{"href":"https:\/\/linitiative.ca\/International\/wp-json\/wp\/v2\/posts\/123893","targetHints":{"allow":["GET"]}}],"collection":[{"href":"https:\/\/linitiative.ca\/International\/wp-json\/wp\/v2\/posts"}],"about":[{"href":"https:\/\/linitiative.ca\/International\/wp-json\/wp\/v2\/types\/post"}],"author":[{"embeddable":true,"href":"https:\/\/linitiative.ca\/International\/wp-json\/wp\/v2\/users\/1816"}],"replies":[{"embeddable":true,"href":"https:\/\/linitiative.ca\/International\/wp-json\/wp\/v2\/comments?post=123893"}],"version-history":[{"count":0,"href":"https:\/\/linitiative.ca\/International\/wp-json\/wp\/v2\/posts\/123893\/revisions"}],"wp:attachment":[{"href":"https:\/\/linitiative.ca\/International\/wp-json\/wp\/v2\/media?parent=123893"}],"wp:term":[{"taxonomy":"category","embeddable":true,"href":"https:\/\/linitiative.ca\/International\/wp-json\/wp\/v2\/categories?post=123893"},{"taxonomy":"post_tag","embeddable":true,"href":"https:\/\/linitiative.ca\/International\/wp-json\/wp\/v2\/tags?post=123893"}],"curies":[{"name":"wp","href":"https:\/\/api.w.org\/{rel}","templated":true}]}}