{"id":123896,"date":"2021-08-11T17:25:00","date_gmt":"2021-08-11T21:25:00","guid":{"rendered":"https:\/\/linitiative.ca\/International\/proces-de-presumes-terroristes-il-vaut-mieux-me-tuer-clame-un-accuse\/"},"modified":"2021-08-11T17:25:00","modified_gmt":"2021-08-11T21:25:00","slug":"proces-de-presumes-terroristes-il-vaut-mieux-me-tuer-clame-un-accuse","status":"publish","type":"post","link":"https:\/\/linitiative.ca\/International\/proces-de-presumes-terroristes-il-vaut-mieux-me-tuer-clame-un-accuse\/","title":{"rendered":"Proc\u00e8s de pr\u00e9sum\u00e9s terroristes : \u00ab Il vaut mieux me tuer \u00bb, clame un accus\u00e9"},"content":{"rendered":"<div>\n<p><strong>Le proc\u00e8s des pr\u00e9sum\u00e9s terroristes s\u2019est poursuivi le mercredi 11 juillet 2021 au Tribunal de grande instance (TGI) Ouaga II. Au cours de cette journ\u00e9e, un dossier sur les deux pr\u00e9vus, a pu \u00eatre examin\u00e9 par les juges.<\/strong><\/p>\n<p>L\u2019ambiance \u00e0 la salle d\u2019audience n\u20701 du Tribunal de grande instance (TGI) Ouaga II \u00e9tait particuli\u00e8re, le mercredi 11 juillet 2021. Appel\u00e9 \u00e0 la barre pour r\u00e9pondre des faits d\u2019association de malfaiteurs dans le cadre du proc\u00e8s des pr\u00e9sum\u00e9s terroristes, M.D, n\u00e9 le 1er janvier 1996 au Mali a, au cours des d\u00e9bats qui ont dur\u00e9 plus de trois heures d\u2019horloge, pass\u00e9 son temps \u00e0 \u00ab narguer \u00bb les juges charg\u00e9s de l\u2019examen de son dossier. Visiblement \u00ab insouciant \u00bb face au sort qui pourrait lui \u00eatre r\u00e9serv\u00e9 \u00e0 l\u2019issue de son jugement, M.D. a, \u00ab refus\u00e9 \u00bb de r\u00e9pondre aux questions du tribunal.<\/p>\n<p>\u00ab Je n\u2019ai rien \u00e0 vous dire. Demandez \u00e0 ceux qui m\u2019ont emmen\u00e9 ici de vous dire ce qu\u2019ils me reprochent \u00bb, a-t-il r\u00e9p\u00e9t\u00e9 en guise de r\u00e9ponse \u00e0 la majorit\u00e9 des questions pos\u00e9es par les juges. Des questions qui, pourtant, selon le procureur, visaient \u00e0 recueillir \u00e0 nouveau sa version des faits qui lui sont reproch\u00e9s, en vue d\u2019une meilleure manifestation de la v\u00e9rit\u00e9. De ces faits, il ressort que M.D. a \u00e9t\u00e9 appr\u00e9hend\u00e9 par des \u00e9l\u00e9ments de la force fran\u00e7aise Barkhane lors du bombardement d\u2019un camp terroriste \u00e0 Ariel, un hameau de culture situ\u00e9 dans la province du Soum. M.D. et une vingtaine d\u2019autres personnes \u00e9taient charg\u00e9s de veiller sur le mat\u00e9riel de transmission, les munitions ainsi que les armes dudit groupe terroriste. Les autres ayant r\u00e9ussi \u00e0 s\u2019\u00e9chapper, M.D. est alors captur\u00e9 par les forces fran\u00e7aises et conduit \u00e0 Ouagadougou o\u00f9 il est remis \u00e0 la Brigade de recherches de la gendarmerie. Auparavant, un test chimique op\u00e9r\u00e9 sur lui r\u00e9v\u00e8le des traces de poudre noire sur ses mains et ses habits prouvant ainsi qu\u2019il a manipul\u00e9 une arme au cours des 72 heures pr\u00e9c\u00e9dant son arrestation.<\/p>\n<p>Interrog\u00e9 par le juge d\u2019instruction, M.D. a affirm\u00e9 \u00eatre un membre du groupe terroriste Adhaoura, une fraction de l\u2019Etat islamique au grand Sahara, dont le but est d\u2019instaurer une province ouest africaine de l\u2019Etat islamique dans la r\u00e9gion des trois fronti\u00e8res. Le pr\u00e9sum\u00e9 terroriste aurait quitt\u00e9 son village Kassa au Mali, pour rallier Ariel, afin de se faire enr\u00f4ler dans le groupe Adhaoura dirig\u00e9 par Abou Hourayrah. Devant le juge d\u2019instruction, il a confi\u00e9 avoir \u00e9t\u00e9 \u00ab s\u00e9duit \u00bb par trois de ses amis qui s\u2019\u00e9taient faits enr\u00f4ler dans ledit groupe et sont revenus au village plus nantis. Ces derniers l\u2019auraient convaincu qu\u2019il gagnerait un million francs CFA par mois s\u2019il devenait membre du groupe. Par ailleurs, lui ont-ils dit, la prime monterait \u00e0 deux millions F CFA, si au cours du mois, il participe \u00e0 un combat. Consid\u00e9rant sa situation \u00e9conomique \u00ab difficile \u00bb (M.D \u00e9tait un cultivateur) et ayant besoin urgemment d\u2019argent pour faire le bapt\u00eame de son deuxi\u00e8me enfant qui venait juste de na\u00eetre, il d\u00e9cide de suivre les pas de ses amis. Enfourchant la moto de son grand p\u00e8re, il quitte Kassa \u00e0 11h pour atteindre Ariel aux environs de 18 heures. \u00ab Je n\u2019ai rien \u00e0 faire avec vous \u00bb Apr\u00e8s un bref \u00e9change avec le chef terroriste et son adjoint Abou Hama, ces derniers lui proposent de rejoindre les autres afin de se nourrir et se reposer. C\u2019est pendant son repos que M.D. aurait \u00e9t\u00e9 surpris par les bombardements des forces fran\u00e7aises. N\u2019ayant pas pu s\u2019enfuir, il a alors \u00e9t\u00e9 appr\u00e9hend\u00e9 par les forces fran\u00e7aises. Bien qu\u2019ayant relat\u00e9 ces faits devant le juge d\u2019instruction qui les a d\u2019ailleurs consign\u00e9s dans le dossier transmis \u00e0 la Chambre correctionnelle sp\u00e9cialis\u00e9e dans la r\u00e9pression des actes terroristes, M.D. a \u00ab refus\u00e9 \u00bb de les conter \u00e0 nouveau lors de sa comparution. Pourquoi aviez-vous adh\u00e9r\u00e9 au groupe terroriste ?<\/p>\n<p>\u00ab Je n\u2019ai rien \u00e0 faire avec vous ni \u00e0 vous dire. Il faut chercher ceux qui m\u2019ont pris pour qu\u2019ils vous disent pourquoi je suis ici et qu\u2019ils vous apportent la preuve de ce qu\u2019ils me reprochent \u00bb, a-t-il r\u00e9torqu\u00e9. Las de se faire servir la m\u00eame r\u00e9ponse \u00e0 chaque question, le pr\u00e9sident du tribunal a fini par demander : \u00ab Est-ce que vous vous portez bien M. ? \u00bb. Et ce dernier de r\u00e9pondre par l\u2019affirmative. \u00ab Mais pourquoi refusez-vous alors de r\u00e9pondre \u00e0 nos questions ? Ne pensez pas que votre sort est d\u00e9j\u00e0 scell\u00e9. Nous sommes l\u00e0 pour rechercher la v\u00e9rit\u00e9 \u00bb, a tent\u00e9 de lui mettre en confiance le juge. Mais c\u2019\u00e9tait peine perdue. M.D. est rest\u00e9 sur sa position jusqu\u2019\u00e0 la cl\u00f4ture des d\u00e9bats. La seule chose qu\u2019il a ajout\u00e9e est qu\u2019il n\u2019a pas vol\u00e9 ni tu\u00e9 et que de ce fait, il n\u2019a rien \u00e0 faire devant un tribunal. Le procureur du Faso, jugeant les faits consign\u00e9s dans l\u2019instruction suffisamment clairs et av\u00e9r\u00e9s, puisqu\u2019ayant fait l\u2019objet d\u2019une enqu\u00eate, a estim\u00e9 que l\u2019infraction d\u2019association de malfaiteurs en lien avec un groupe terroriste est suffisamment constitu\u00e9e dans le cas d\u2019esp\u00e8ce. Et, eu \u00e9gard \u00e0 l\u2019attitude du pr\u00e9venu devant le tribunal qui laisse entrevoir une personne suffisamment radicalis\u00e9e, il a jug\u00e9 n\u00e9cessaire qu\u2019il soit mis \u00e0 l\u2019\u00e9cart de la soci\u00e9t\u00e9 pendant une p\u00e9riode donn\u00e9e.<\/p>\n<p>Il a alors requis contre lui une peine de 21 ans d\u2019emprisonnement ferme assorti d\u2019une p\u00e9riode de s\u00fbret\u00e9 de 15 ans et une amende de deux millions FCFA. Appel\u00e9 \u00e0 la barre pour sa derni\u00e8re d\u00e9fense, M.D. a dit pr\u00e9f\u00e9rer \u00eatre tu\u00e9 que d\u2019\u00eatre emprisonn\u00e9. \u00ab Je n\u2019ai rien fait pour aller en prison. Si tel est le cas, il vaut mieux me tuer \u00bb, a-t-il lanc\u00e9. Statuant publiquement, contradictoirement, en mati\u00e8re correctionnelle et en premier ressort, le tribunal a d\u00e9clar\u00e9 M.D. coupable des faits qui lui sont reproch\u00e9s. Par cons\u00e9quent, il l\u2019a condamn\u00e9 \u00e0 21 ans d\u2019emprisonnement ferme assorti d\u2019une p\u00e9riode de s\u00fbret\u00e9 de 14 ans et une amende de deux millions FCFA. Visiblement tr\u00e8s remont\u00e9 contre les juges \u00e0 la suite de sa condamnation, M.D. a prof\u00e9r\u00e9 des menaces \u00e0 leur encontre. \u00ab Vous irez tous en enfer \u00bb, a-t-il cri\u00e9 en fulfulde.<\/p>\n<p style=\"text-align: right\"><strong>Nad\u00e8ge YAMEOGO <\/strong><\/p>\n<p>L\u2019article <a rel=\"nofollow\" href=\"https:\/\/www.sidwaya.info\/blog\/2021\/08\/11\/proces-de-presumes-terroristes-il-vaut-mieux-me-tuer-clame-un-accuse\/\">Proc\u00e8s de pr\u00e9sum\u00e9s terroristes : \u00ab Il vaut mieux me tuer \u00bb, clame un accus\u00e9<\/a> est apparu en premier sur <a rel=\"nofollow\" href=\"https:\/\/www.sidwaya.info\/\">Quotidien Sidwaya<\/a>.<\/p>\n<\/div>\n<p>Auteur: BM. Sidwaya<br \/>\n<a href=\"https:\/\/www.sidwaya.info\/blog\/2021\/08\/11\/proces-de-presumes-terroristes-il-vaut-mieux-me-tuer-clame-un-accuse\/\">Cliquez ici pour lire l&rsquo;article depuis sa source.<\/a><\/p>\n","protected":false},"excerpt":{"rendered":"<p>Le proc\u00e8s des pr\u00e9sum\u00e9s terroristes s\u2019est poursuivi le mercredi 11 juillet 2021 au Tribunal de grande instance (TGI) Ouaga II. Au cours de cette journ\u00e9e, un dossier sur les deux pr\u00e9vus, a pu \u00eatre examin\u00e9 par les juges. L\u2019ambiance \u00e0 la salle d\u2019audience n\u20701 du Tribunal de grande instance (TGI) Ouaga II \u00e9tait particuli\u00e8re, le [&hellip;]<\/p>\n","protected":false},"author":1816,"featured_media":0,"comment_status":"closed","ping_status":"closed","sticky":false,"template":"","format":"standard","meta":{"fifu_image_url":"","fifu_image_alt":"","footnotes":""},"categories":[73,81],"tags":[],"class_list":["post-123896","post","type-post","status-publish","format-standard","hentry","category-actualite","category-burkina-faso"],"_links":{"self":[{"href":"https:\/\/linitiative.ca\/International\/wp-json\/wp\/v2\/posts\/123896","targetHints":{"allow":["GET"]}}],"collection":[{"href":"https:\/\/linitiative.ca\/International\/wp-json\/wp\/v2\/posts"}],"about":[{"href":"https:\/\/linitiative.ca\/International\/wp-json\/wp\/v2\/types\/post"}],"author":[{"embeddable":true,"href":"https:\/\/linitiative.ca\/International\/wp-json\/wp\/v2\/users\/1816"}],"replies":[{"embeddable":true,"href":"https:\/\/linitiative.ca\/International\/wp-json\/wp\/v2\/comments?post=123896"}],"version-history":[{"count":0,"href":"https:\/\/linitiative.ca\/International\/wp-json\/wp\/v2\/posts\/123896\/revisions"}],"wp:attachment":[{"href":"https:\/\/linitiative.ca\/International\/wp-json\/wp\/v2\/media?parent=123896"}],"wp:term":[{"taxonomy":"category","embeddable":true,"href":"https:\/\/linitiative.ca\/International\/wp-json\/wp\/v2\/categories?post=123896"},{"taxonomy":"post_tag","embeddable":true,"href":"https:\/\/linitiative.ca\/International\/wp-json\/wp\/v2\/tags?post=123896"}],"curies":[{"name":"wp","href":"https:\/\/api.w.org\/{rel}","templated":true}]}}