{"id":123897,"date":"2021-08-11T17:27:35","date_gmt":"2021-08-11T21:27:35","guid":{"rendered":"https:\/\/linitiative.ca\/International\/la-justice-avant-la-reconciliation\/"},"modified":"2021-08-11T17:27:35","modified_gmt":"2021-08-11T21:27:35","slug":"la-justice-avant-la-reconciliation","status":"publish","type":"post","link":"https:\/\/linitiative.ca\/International\/la-justice-avant-la-reconciliation\/","title":{"rendered":"La justice avant la r\u00e9conciliation"},"content":{"rendered":"<div>\n<p>Les concertations communales s\u2019inscrivant dans le cadre du processus de r\u00e9conciliation nationale se poursuivent \u00e0 travers le pays. Apr\u00e8s les \u00e9tapes de Manga et de Zorgho, un constat se d\u00e9gage de mani\u00e8re constante : les probl\u00e8mes qui opposent les Burkinab\u00e8 ne sont pas si profonds qu\u2019on le pense. A titre d\u2019exemple, les pr\u00e9occupations des deux communes vont des litiges li\u00e9s aux limites territoriales entre villages, aux conflits agriculteurs-\u00e9leveurs en passant par les conflits fonciers (promoteurs immobiliers \u2026), les malentendus entre Forces de d\u00e9fense et de s\u00e9curit\u00e9 (FDS) et groupes sociaux, les d\u00e9tournements, recels, destructions et d\u00e9gradations de biens publics, les affectations arbitraires et l\u2019insuffisance de la justice.<\/p>\n<p>Dans chaque commune, prise individuellement, les probl\u00e8mes ne devront pas sensiblement varier \u00e0 l\u2019\u00e9chelle nationale. C\u2019est donc dire qu\u2019il s\u2019agit de diff\u00e9rends li\u00e9s \u00e0 la vie en communaut\u00e9 qui peuvent se r\u00e9soudre non seulement par les voies judiciaires, mais aussi en recourant aux institutions traditionnelles de conciliation et d\u2019arbitrage. Cela prouve \u00e0 souhait que les Burkinab\u00e8 ne sont pas aussi oppos\u00e9s sur le plan national, si tant est que les probl\u00e8mes peuvent \u00eatre r\u00e9gl\u00e9s \u00e0 l\u2019\u00e9chelle locale. Toutefois, les crimes \u00e9conomiques et de sang qui se sont accumul\u00e9s depuis l\u2019ind\u00e9pendance de notre pays et se sont exacerb\u00e9s avec l\u2019insurrection populaire de 2014 et le coup d\u2019Etat manqu\u00e9 de 2015, donnent \u00e0 la chose une envergure nationale qui n\u00e9cessite que les fils et filles de la Nation s\u2019asseyent pour identifier ce qui les opposent, d\u00e9finir les voies de leur r\u00e9solution et surtout les moyens pour y parvenir. On comprend donc ais\u00e9ment pourquoi la question de la r\u00e9conciliation mobilise tant les Burkinab\u00e8, surtout quand on fr\u00f4le la question de la justice. A voir de pr\u00e8s, elle se rapporte plus \u00e0 la r\u00e9solution des crimes \u00e9conomiques et de sang d\u2019o\u00f9 l\u2019imp\u00e9rieuse n\u00e9cessit\u00e9 de passer par la case justice, pour ne pas revivre les \u00e9checs des exp\u00e9riences des ann\u00e9es 90 et de 2001 avec la Journ\u00e9e nationale du pardon.<\/p>\n<p>Cela dit, si en C\u00f4te d\u2019ivoire, le processus a plus de chance d\u2019aboutir, c\u2019est parce que la plupart des acteurs ont affront\u00e9 la justice, sur le plan national pour certains, international pour d\u2019autres et les deux pour quelques-uns. Par la suite, l\u2019amnistie, la lib\u00e9ration des d\u00e9tenus d\u2019opinion, le retour des exil\u00e9s et tous les autres gestes d\u2019apaisement en d\u00e9couleront ais\u00e9ment, pour peu que la volont\u00e9 soit commune d\u2019aller vers la r\u00e9conciliation nationale. Sous nos cieux, certains Burkinab\u00e8 voient en la r\u00e9conciliation nationale, un moyen id\u00e9al d\u2019\u00e9chapper \u00e0 la justice, en passant royalement l\u2019\u00e9ponge sur les torts caus\u00e9s \u00e0 d\u2019autres concitoyens, allant parfois jusqu\u2019\u00e0 la mort. Comment peut-on se r\u00e9concilier s\u2019il n\u2019y a pas de justice ? Les c\u0153urs peuvent-ils s\u2019apaiser, si les victimes ne connaissent pas leurs bourreaux et si personne n\u2019avoue son tort, ni ne reconna\u00eet sa faute ? Cette r\u00e9conciliation que les Burkinab\u00e8 appellent de tous leurs v\u0153ux, n\u2019est pas celle entre politiciens, mais un apurement int\u00e9gral du lourd passif qui les ronge et les divisent, les opposent et les emp\u00eachent de se tourner sereinement vers l\u2019avenir, afin de l\u00e9guer aux g\u00e9n\u00e9rations futures un pays uni et r\u00e9concili\u00e9 avec lui-m\u00eame. C\u2019est cela la mission de la g\u00e9n\u00e9ration actuelle et donc celle du processus de r\u00e9conciliation nationale en cours.<\/p>\n<p style=\"text-align: right\"><strong>Jean-Marie TOE <\/strong><\/p>\n<p>L\u2019article <a rel=\"nofollow\" href=\"https:\/\/www.sidwaya.info\/blog\/2021\/08\/11\/la-justice-avant-la-reconciliation\/\">La justice avant la r\u00e9conciliation<\/a> est apparu en premier sur <a rel=\"nofollow\" href=\"https:\/\/www.sidwaya.info\/\">Quotidien Sidwaya<\/a>.<\/p>\n<\/div>\n<p>Auteur: BM. Sidwaya<br \/>\n<a href=\"https:\/\/www.sidwaya.info\/blog\/2021\/08\/11\/la-justice-avant-la-reconciliation\/\">Cliquez ici pour lire l&rsquo;article depuis sa source.<\/a><\/p>\n","protected":false},"excerpt":{"rendered":"<p>Les concertations communales s\u2019inscrivant dans le cadre du processus de r\u00e9conciliation nationale se poursuivent \u00e0 travers le pays. Apr\u00e8s les \u00e9tapes de Manga et de Zorgho, un constat se d\u00e9gage de mani\u00e8re constante : les probl\u00e8mes qui opposent les Burkinab\u00e8 ne sont pas si profonds qu\u2019on le pense. A titre d\u2019exemple, les pr\u00e9occupations des deux [&hellip;]<\/p>\n","protected":false},"author":1816,"featured_media":0,"comment_status":"closed","ping_status":"closed","sticky":false,"template":"","format":"standard","meta":{"fifu_image_url":"","fifu_image_alt":"","footnotes":""},"categories":[73,81],"tags":[],"class_list":["post-123897","post","type-post","status-publish","format-standard","hentry","category-actualite","category-burkina-faso"],"_links":{"self":[{"href":"https:\/\/linitiative.ca\/International\/wp-json\/wp\/v2\/posts\/123897","targetHints":{"allow":["GET"]}}],"collection":[{"href":"https:\/\/linitiative.ca\/International\/wp-json\/wp\/v2\/posts"}],"about":[{"href":"https:\/\/linitiative.ca\/International\/wp-json\/wp\/v2\/types\/post"}],"author":[{"embeddable":true,"href":"https:\/\/linitiative.ca\/International\/wp-json\/wp\/v2\/users\/1816"}],"replies":[{"embeddable":true,"href":"https:\/\/linitiative.ca\/International\/wp-json\/wp\/v2\/comments?post=123897"}],"version-history":[{"count":0,"href":"https:\/\/linitiative.ca\/International\/wp-json\/wp\/v2\/posts\/123897\/revisions"}],"wp:attachment":[{"href":"https:\/\/linitiative.ca\/International\/wp-json\/wp\/v2\/media?parent=123897"}],"wp:term":[{"taxonomy":"category","embeddable":true,"href":"https:\/\/linitiative.ca\/International\/wp-json\/wp\/v2\/categories?post=123897"},{"taxonomy":"post_tag","embeddable":true,"href":"https:\/\/linitiative.ca\/International\/wp-json\/wp\/v2\/tags?post=123897"}],"curies":[{"name":"wp","href":"https:\/\/api.w.org\/{rel}","templated":true}]}}