{"id":123898,"date":"2021-08-11T13:18:01","date_gmt":"2021-08-11T17:18:01","guid":{"rendered":"https:\/\/linitiative.ca\/International\/rdc-un-nobel-de-la-paix-pour-lassainissement-des-institutions-nationales\/"},"modified":"2021-08-11T13:18:01","modified_gmt":"2021-08-11T17:18:01","slug":"rdc-un-nobel-de-la-paix-pour-lassainissement-des-institutions-nationales","status":"publish","type":"post","link":"https:\/\/linitiative.ca\/International\/rdc-un-nobel-de-la-paix-pour-lassainissement-des-institutions-nationales\/","title":{"rendered":"RDC: un Nobel de la paix pour l\u2019assainissement des institutions nationales"},"content":{"rendered":"<div>\n<p><img loading=\"lazy\" decoding=\"async\" width=\"4324\" height=\"2498\" src=\"https:\/\/linitiative.ca\/International\/wp-content\/uploads\/sites\/23\/2021\/08\/16287022812429.jpg\" class=\"attachment-post-thumbnail size-post-thumbnail wp-post-image\" alt=\"\" srcset=\"https:\/\/linitiative.ca\/International\/wp-content\/uploads\/sites\/23\/2021\/08\/16287022812429.jpg 4324w, https:\/\/www.journalducameroun.com\/wp-content\/uploads\/2021\/08\/16287022812429-300x173.jpg 300w, https:\/\/www.journalducameroun.com\/wp-content\/uploads\/2021\/08\/16287022812429-768x444.jpg 768w, https:\/\/www.journalducameroun.com\/wp-content\/uploads\/2021\/08\/16287022812429-1024x592.jpg 1024w, https:\/\/www.journalducameroun.com\/wp-content\/uploads\/2021\/08\/16287022812429-762x440.jpg 762w, https:\/\/www.journalducameroun.com\/wp-content\/uploads\/2021\/08\/16287022812429-600x347.jpg 600w\" sizes=\"auto, (max-width: 4324px) 100vw, 4324px\"><\/p>\n<p>Pour Dr Denis Mukwege, le temps est venu de rompre avec les politiques visant \u00e0 accorder des promotions \u00e0 ceux qui devraient r\u00e9pondre de leurs actes devant la justice.La r\u00e9cente nomination par ordonnance pr\u00e9sidentielle d&rsquo;un ancien chef rebelle du RCD-Goma, du M-23 et de l&rsquo;Alliance pour la lib\u00e9ration de l&rsquo;est du Congo (ALEC), comme Coordonnateur du Programme de D\u00e9sarmement, D\u00e9mobilisation, Rel\u00e8vement Communautaire et Stabilisation (P-DDRCS) ne passe pas aupr\u00e8s du laur\u00e9at du le prix Nobel de la paix 2018.<\/p>\n<p>Dans une d\u00e9claration rendue publique ce mercredi, Dr Mukwege, gyn\u00e9cologue et militant des droits de l&rsquo;homme kino-congolais a exprim\u00e9 sa \u00ab circonspection\u00a0\u00bb suite \u00e0 cette promotion d&rsquo;Emmanuel Tommy Tambwe Rudima \u00e0 la t\u00eate du P-DDRCS.<\/p>\n<p>\u00ab En gratifiant ainsi des criminels au lieu de les traduire en justice, cette strat\u00e9gie de tireurs de ficelles tapis \u00e0 Kinshasa (RDC), Kigali (Rwanda), Kampala (Ouganda) et Bujumbura (Burundi) encourage les groupes arm\u00e9s en brousses \u00e0 attendre leur tour \u00bb, a d\u00e9plor\u00e9 le laur\u00e9at du prix Sakharov 2014.<\/p>\n<p>Dr Mukwege est d&rsquo;autant plus pein\u00e9 que \u00ab cette situation favorise l&rsquo;\u00e9mergence d&rsquo;un syst\u00e8me l\u00e9gitimant la violence et la commission de crimes comme mode d&rsquo;acc\u00e8s au pouvoir. (Et) elle entretient (par la m\u00eame occasion) une spirale infernale de violences sans fin et hypoth\u00e8que l&rsquo;instauration d&rsquo;une paix durable. \u00bb<\/p>\n<p>Partant de l\u00e0, il estime que pour avancer sur le chemin d&rsquo;une paix durable, les dirigeants de son pays devraient retenir les erreurs du pass\u00e9 et rompre avec les politiques qui ont prolong\u00e9 et aggrav\u00e9 la souffrance du peuple congolais et l&rsquo;instabilit\u00e9 ayant occasionn\u00e9 des cons\u00e9quences d\u00e9sastreuses sur la protection des civils.<\/p>\n<p>Pour cela, il plaide pour l&rsquo;adoption d&rsquo;une strat\u00e9gie nationale holistique de justice transitionnelle. Celle-ci devra prioriser, selon lui, des r\u00e9formes institutionnelles visant \u00e0 pr\u00e9venir la non-r\u00e9p\u00e9tition des atrocit\u00e9s commises sur les populations civiles, notamment par une r\u00e9forme profonde des secteurs de la s\u00e9curit\u00e9 et de la justice.<\/p>\n<p>\u00ab Le lien le plus manifeste entre la justice transitionnelle et la r\u00e9forme des institutions consiste en la mise en place de proc\u00e9dures d&rsquo;assainissement qui visent \u00e0 l&rsquo;identification et \u00e0 la mise \u00e0 l&rsquo;\u00e9cart des institutions publiques des personnes responsables de violations des droits humains et du droit international humanitaire ainsi qu&rsquo;\u00e0 la mise en place des m\u00e9canismes de v\u00e9rification des ant\u00e9c\u00e9dents en mati\u00e8re de droits humains de ceux qui aspirent \u00e0 entrer dans les services publics \u00bb, pr\u00e9conise-t-il.<\/p>\n<p>Poursuivant, il souligne que dans le cadre de la gen\u00e8se du processus de justice transitionnelle auquel aspire le peuple congolais, le gouvernement devrait par ailleurs entreprendre, sans tarder, des r\u00e9formes institutionnelles pour garantir le respect de l&rsquo;\u00e9tat de droit, favoriser une culture des droits humains et r\u00e9tablir la confiance dans les institutions.<\/p>\n<p>Pour le pasteur \u00e9vang\u00e9lique pentec\u00f4tiste, s&rsquo;il existe une r\u00e9elle volont\u00e9 politique d&rsquo;appliquer ses recommandations, le gouvernement du pr\u00e9sident F\u00e9lix Tshisekedi pourra compter sur les femmes et hommes int\u00e8gres sans ant\u00e9c\u00e9dent de violations graves des droits humains dont dispose son pays.<\/p>\n<p>\u00ab Le temps est venu d&rsquo;exploiter pleinement les potentialit\u00e9s de ce capital humain \u00e9pris de paix et de justice et de rompre avec les politiques visant \u00e0 accorder des promotions \u00e0 ceux qui devraient r\u00e9pondre de leurs actes devant la justice \u00bb, conclut-il.<\/p>\n<p>Cet article <a rel=\"nofollow\" href=\"https:\/\/www.journalducameroun.com\/rdc-un-nobel-de-la-paix-pour-lassainissement-des-institutions-nationales\/\">RDC: un Nobel de la paix pour l\u2019assainissement des institutions nationales<\/a> est apparu en premier sur <a rel=\"nofollow\" href=\"https:\/\/www.journalducameroun.com\/\">Journal du Cameroun<\/a>.<\/p>\n<\/div>\n<p>Auteur: APA News<br \/>\n<a href=\"https:\/\/www.journalducameroun.com\/rdc-un-nobel-de-la-paix-pour-lassainissement-des-institutions-nationales\/\">Cliquez ici pour lire l&rsquo;article depuis sa source.<\/a><\/p>\n","protected":false},"excerpt":{"rendered":"<p>Pour Dr Denis Mukwege, le temps est venu de rompre avec les politiques visant \u00e0 accorder des promotions \u00e0 ceux qui devraient r\u00e9pondre de leurs actes devant la justice.La r\u00e9cente nomination par ordonnance pr\u00e9sidentielle d&rsquo;un ancien chef rebelle du RCD-Goma, du M-23 et de l&rsquo;Alliance pour la lib\u00e9ration de l&rsquo;est du Congo (ALEC), comme Coordonnateur [&hellip;]<\/p>\n","protected":false},"author":1965,"featured_media":0,"comment_status":"closed","ping_status":"closed","sticky":false,"template":"","format":"standard","meta":{"fifu_image_url":"https:\/\/www.journalducameroun.com\/wp-content\/uploads\/2021\/08\/16287022812429.jpg","fifu_image_alt":"RDC: un Nobel de la paix pour l\u2019assainissement des institutions nationales","footnotes":""},"categories":[73,82],"tags":[],"class_list":["post-123898","post","type-post","status-publish","format-standard","hentry","category-actualite","category-cameroun"],"_links":{"self":[{"href":"https:\/\/linitiative.ca\/International\/wp-json\/wp\/v2\/posts\/123898","targetHints":{"allow":["GET"]}}],"collection":[{"href":"https:\/\/linitiative.ca\/International\/wp-json\/wp\/v2\/posts"}],"about":[{"href":"https:\/\/linitiative.ca\/International\/wp-json\/wp\/v2\/types\/post"}],"author":[{"embeddable":true,"href":"https:\/\/linitiative.ca\/International\/wp-json\/wp\/v2\/users\/1965"}],"replies":[{"embeddable":true,"href":"https:\/\/linitiative.ca\/International\/wp-json\/wp\/v2\/comments?post=123898"}],"version-history":[{"count":0,"href":"https:\/\/linitiative.ca\/International\/wp-json\/wp\/v2\/posts\/123898\/revisions"}],"wp:attachment":[{"href":"https:\/\/linitiative.ca\/International\/wp-json\/wp\/v2\/media?parent=123898"}],"wp:term":[{"taxonomy":"category","embeddable":true,"href":"https:\/\/linitiative.ca\/International\/wp-json\/wp\/v2\/categories?post=123898"},{"taxonomy":"post_tag","embeddable":true,"href":"https:\/\/linitiative.ca\/International\/wp-json\/wp\/v2\/tags?post=123898"}],"curies":[{"name":"wp","href":"https:\/\/api.w.org\/{rel}","templated":true}]}}