{"id":123900,"date":"2021-08-11T13:18:03","date_gmt":"2021-08-11T17:18:03","guid":{"rendered":"https:\/\/linitiative.ca\/International\/incendies-en-algerie-deuil-national-de-3-jours\/"},"modified":"2021-08-11T13:18:03","modified_gmt":"2021-08-11T17:18:03","slug":"incendies-en-algerie-deuil-national-de-3-jours","status":"publish","type":"post","link":"https:\/\/linitiative.ca\/International\/incendies-en-algerie-deuil-national-de-3-jours\/","title":{"rendered":"Incendies en Alg\u00e9rie : Deuil national de 3 jours"},"content":{"rendered":"<div>\n<p><img loading=\"lazy\" decoding=\"async\" width=\"1440\" height=\"872\" src=\"https:\/\/linitiative.ca\/International\/wp-content\/uploads\/sites\/23\/2021\/08\/16287022835256.jpg\" class=\"attachment-post-thumbnail size-post-thumbnail wp-post-image\" alt=\"\" srcset=\"https:\/\/linitiative.ca\/International\/wp-content\/uploads\/sites\/23\/2021\/08\/16287022835256.jpg 1440w, https:\/\/www.journalducameroun.com\/wp-content\/uploads\/2021\/08\/16287022835256-300x182.jpg 300w, https:\/\/www.journalducameroun.com\/wp-content\/uploads\/2021\/08\/16287022835256-768x465.jpg 768w, https:\/\/www.journalducameroun.com\/wp-content\/uploads\/2021\/08\/16287022835256-1024x620.jpg 1024w, https:\/\/www.journalducameroun.com\/wp-content\/uploads\/2021\/08\/16287022835256-727x440.jpg 727w, https:\/\/www.journalducameroun.com\/wp-content\/uploads\/2021\/08\/16287022835256-600x363.jpg 600w\" sizes=\"auto, (max-width: 1440px) 100vw, 1440px\"><\/p>\n<p>Le pr\u00e9sident alg\u00e9rien, Abdelmadjid Tebboune a d\u00e9cr\u00e9t\u00e9 un deuil national de trois jours \u00e0 partir de jeudi, apr\u00e8s le d\u00e9c\u00e8s d&rsquo;un nombre de citoyens parmi les civils et militaires, suite aux incendies ayant plusieurs r\u00e9gions du pays, indique mercredi un communiqu\u00e9 de la pr\u00e9sidence alg\u00e9rienne.\u00a0\u00bbApr\u00e8s le d\u00e9c\u00e8s d&rsquo;un nombre de citoyens parmi les civils et militaires, suite aux incendies ayant ravag\u00e9 quelques wilayas du pays, le pr\u00e9sident de la R\u00e9publique, M. Abdelmadjid Tebboune a d\u00e9cr\u00e9t\u00e9 un deuil national de trois jours \u00e0 partir de jeudi 12 ao\u00fbt 2021 avec une suspension provisoire des activit\u00e9s gouvernementales et locales, \u00e0 l&rsquo;exception des actions de solidarit\u00e9\u00a0\u00bb, pr\u00e9cise le communiqu\u00e9, cit\u00e9 par l&rsquo;agence de presse alg\u00e9rienne APS.<\/p>\n<p>Plus de 65 personnes ont p\u00e9ri dans les incendies qui se sont d\u00e9clench\u00e9s lundi dans plusieurs wilayas du pays. La plupart des victimes ont \u00e9t\u00e9 d\u00e9plor\u00e9es dans la wilaya de Tizi-Ouzou.<\/p>\n<p>Parmi les personnes d\u00e9c\u00e9d\u00e9es figurent 37 civils et 28 militaires. Le bilan risque de s&rsquo;alourdir davantage, puisque 13 autres soldats bless\u00e9s dans ces incendies sont dans un \u00e9tat grave. Des civils aussi ont subi des br\u00fblures au troisi\u00e8me degr\u00e9s sont entre la vie et la mort dans les h\u00f4pitaux.<\/p>\n<p>Cet article <a rel=\"nofollow\" href=\"https:\/\/www.journalducameroun.com\/incendies-en-algerie-deuil-national-de-3-jours\/\">Incendies en Alg\u00e9rie : Deuil national de 3 jours<\/a> est apparu en premier sur <a rel=\"nofollow\" href=\"https:\/\/www.journalducameroun.com\/\">Journal du Cameroun<\/a>.<\/p>\n<\/div>\n<p>Auteur: APA News<br \/>\n<a href=\"https:\/\/www.journalducameroun.com\/incendies-en-algerie-deuil-national-de-3-jours\/\">Cliquez ici pour lire l&rsquo;article depuis sa source.<\/a><\/p>\n","protected":false},"excerpt":{"rendered":"<p>Le pr\u00e9sident alg\u00e9rien, Abdelmadjid Tebboune a d\u00e9cr\u00e9t\u00e9 un deuil national de trois jours \u00e0 partir de jeudi, apr\u00e8s le d\u00e9c\u00e8s d&rsquo;un nombre de citoyens parmi les civils et militaires, suite aux incendies ayant plusieurs r\u00e9gions du pays, indique mercredi un communiqu\u00e9 de la pr\u00e9sidence alg\u00e9rienne.\u00a0\u00bbApr\u00e8s le d\u00e9c\u00e8s d&rsquo;un nombre de citoyens parmi les civils et [&hellip;]<\/p>\n","protected":false},"author":1965,"featured_media":0,"comment_status":"closed","ping_status":"closed","sticky":false,"template":"","format":"standard","meta":{"fifu_image_url":"https:\/\/www.journalducameroun.com\/wp-content\/uploads\/2021\/08\/16287022835256.jpg","fifu_image_alt":"Incendies en Alg\u00e9rie : Deuil national de 3 jours","footnotes":""},"categories":[73,82],"tags":[],"class_list":["post-123900","post","type-post","status-publish","format-standard","hentry","category-actualite","category-cameroun"],"_links":{"self":[{"href":"https:\/\/linitiative.ca\/International\/wp-json\/wp\/v2\/posts\/123900","targetHints":{"allow":["GET"]}}],"collection":[{"href":"https:\/\/linitiative.ca\/International\/wp-json\/wp\/v2\/posts"}],"about":[{"href":"https:\/\/linitiative.ca\/International\/wp-json\/wp\/v2\/types\/post"}],"author":[{"embeddable":true,"href":"https:\/\/linitiative.ca\/International\/wp-json\/wp\/v2\/users\/1965"}],"replies":[{"embeddable":true,"href":"https:\/\/linitiative.ca\/International\/wp-json\/wp\/v2\/comments?post=123900"}],"version-history":[{"count":0,"href":"https:\/\/linitiative.ca\/International\/wp-json\/wp\/v2\/posts\/123900\/revisions"}],"wp:attachment":[{"href":"https:\/\/linitiative.ca\/International\/wp-json\/wp\/v2\/media?parent=123900"}],"wp:term":[{"taxonomy":"category","embeddable":true,"href":"https:\/\/linitiative.ca\/International\/wp-json\/wp\/v2\/categories?post=123900"},{"taxonomy":"post_tag","embeddable":true,"href":"https:\/\/linitiative.ca\/International\/wp-json\/wp\/v2\/tags?post=123900"}],"curies":[{"name":"wp","href":"https:\/\/api.w.org\/{rel}","templated":true}]}}