{"id":123904,"date":"2021-08-11T14:18:02","date_gmt":"2021-08-11T18:18:02","guid":{"rendered":"https:\/\/linitiative.ca\/International\/incendies-en-algerie-rabat-exprime-sa-disponibilite-a-aider-alger\/"},"modified":"2021-08-11T14:18:02","modified_gmt":"2021-08-11T18:18:02","slug":"incendies-en-algerie-rabat-exprime-sa-disponibilite-a-aider-alger","status":"publish","type":"post","link":"https:\/\/linitiative.ca\/International\/incendies-en-algerie-rabat-exprime-sa-disponibilite-a-aider-alger\/","title":{"rendered":"Incendies en Alg\u00e9rie : Rabat exprime sa disponibilit\u00e9 \u00e0 aider Alger"},"content":{"rendered":"<div>\n<p><img loading=\"lazy\" decoding=\"async\" width=\"284\" height=\"177\" src=\"https:\/\/linitiative.ca\/International\/wp-content\/uploads\/sites\/23\/2021\/08\/16287058829726.jpg\" class=\"attachment-post-thumbnail size-post-thumbnail wp-post-image\" alt=\"\"><\/p>\n<p>Le Roi Mohammed VI a donn\u00e9 ses instructions aux ministres de l&rsquo;Int\u00e9rieur et des Affaires \u00e9trang\u00e8res, afin d&rsquo;exprimer \u00e0 leurs homologues alg\u00e9riens, \u00ab\u00a0la disponibilit\u00e9 du Maroc \u00e0 aider l&rsquo;Alg\u00e9rie \u00e0 combattre les incendies de for\u00eats qui ravagent plusieurs r\u00e9gions du pays\u00a0\u00bb, indique un communiqu\u00e9 du minist\u00e8re marocain des Affaires \u00e9trang\u00e8res.Ainsi, \u00ab\u00a0deux canadairs ont \u00e9t\u00e9 mobilis\u00e9s afin de participer \u00e0 cette op\u00e9ration, d\u00e8s accord des autorit\u00e9s alg\u00e9riennes\u00a0\u00bb, souligne la m\u00eame source.<\/p>\n<p>Des incendies ravagent le nord de l&rsquo;Alg\u00e9rie faisant plusieurs morts. Plus de 65 personnes ont p\u00e9ri dans ces incendies qui se sont d\u00e9clench\u00e9s lundi dans plusieurs wilayas du pays. La plupart des victimes ont \u00e9t\u00e9 d\u00e9plor\u00e9es dans la wilaya de Tizi-Ouzou.<\/p>\n<p>Parmi les personnes d\u00e9c\u00e9d\u00e9es figurent 37 civils et 28 militaires. Le bilan risque de s&rsquo;alourdir davantage, puisque 13 autres soldats bless\u00e9s dans ces incendies sont dans un \u00e9tat grave. Des civils aussi ont subi des br\u00fblures au troisi\u00e8me degr\u00e9s sont entre la vie et la mort dans les h\u00f4pitaux.<\/p>\n<p>Suite \u00e0 cette catastrophe, le pr\u00e9sident alg\u00e9rien, Abdelmadjid Tebboune a d\u00e9cr\u00e9t\u00e9 un deuil national de trois jours \u00e0 partir de jeudi, indique mercredi un communiqu\u00e9 de la pr\u00e9sidence alg\u00e9rienne.<\/p>\n<p>Cet article <a rel=\"nofollow\" href=\"https:\/\/www.journalducameroun.com\/incendies-en-algerie-rabat-exprime-sa-disponibilite-a-aider-alger\/\">Incendies en Alg\u00e9rie : Rabat exprime sa disponibilit\u00e9 \u00e0 aider Alger<\/a> est apparu en premier sur <a rel=\"nofollow\" href=\"https:\/\/www.journalducameroun.com\/\">Journal du Cameroun<\/a>.<\/p>\n<\/div>\n<p>Auteur: APA News<br \/>\n<a href=\"https:\/\/www.journalducameroun.com\/incendies-en-algerie-rabat-exprime-sa-disponibilite-a-aider-alger\/\">Cliquez ici pour lire l&rsquo;article depuis sa source.<\/a><\/p>\n","protected":false},"excerpt":{"rendered":"<p>Le Roi Mohammed VI a donn\u00e9 ses instructions aux ministres de l&rsquo;Int\u00e9rieur et des Affaires \u00e9trang\u00e8res, afin d&rsquo;exprimer \u00e0 leurs homologues alg\u00e9riens, \u00ab\u00a0la disponibilit\u00e9 du Maroc \u00e0 aider l&rsquo;Alg\u00e9rie \u00e0 combattre les incendies de for\u00eats qui ravagent plusieurs r\u00e9gions du pays\u00a0\u00bb, indique un communiqu\u00e9 du minist\u00e8re marocain des Affaires \u00e9trang\u00e8res.Ainsi, \u00ab\u00a0deux canadairs ont \u00e9t\u00e9 mobilis\u00e9s [&hellip;]<\/p>\n","protected":false},"author":1965,"featured_media":0,"comment_status":"closed","ping_status":"closed","sticky":false,"template":"","format":"standard","meta":{"fifu_image_url":"https:\/\/www.journalducameroun.com\/wp-content\/uploads\/2021\/08\/16287058829726.jpg","fifu_image_alt":"Incendies en Alg\u00e9rie : Rabat exprime sa disponibilit\u00e9 \u00e0 aider Alger","footnotes":""},"categories":[73,82],"tags":[],"class_list":["post-123904","post","type-post","status-publish","format-standard","hentry","category-actualite","category-cameroun"],"_links":{"self":[{"href":"https:\/\/linitiative.ca\/International\/wp-json\/wp\/v2\/posts\/123904","targetHints":{"allow":["GET"]}}],"collection":[{"href":"https:\/\/linitiative.ca\/International\/wp-json\/wp\/v2\/posts"}],"about":[{"href":"https:\/\/linitiative.ca\/International\/wp-json\/wp\/v2\/types\/post"}],"author":[{"embeddable":true,"href":"https:\/\/linitiative.ca\/International\/wp-json\/wp\/v2\/users\/1965"}],"replies":[{"embeddable":true,"href":"https:\/\/linitiative.ca\/International\/wp-json\/wp\/v2\/comments?post=123904"}],"version-history":[{"count":0,"href":"https:\/\/linitiative.ca\/International\/wp-json\/wp\/v2\/posts\/123904\/revisions"}],"wp:attachment":[{"href":"https:\/\/linitiative.ca\/International\/wp-json\/wp\/v2\/media?parent=123904"}],"wp:term":[{"taxonomy":"category","embeddable":true,"href":"https:\/\/linitiative.ca\/International\/wp-json\/wp\/v2\/categories?post=123904"},{"taxonomy":"post_tag","embeddable":true,"href":"https:\/\/linitiative.ca\/International\/wp-json\/wp\/v2\/tags?post=123904"}],"curies":[{"name":"wp","href":"https:\/\/api.w.org\/{rel}","templated":true}]}}