{"id":123906,"date":"2021-08-11T15:18:02","date_gmt":"2021-08-11T19:18:02","guid":{"rendered":"https:\/\/linitiative.ca\/International\/niger-hausse-des-atrocites-commises-par-les-groupes-armes\/"},"modified":"2021-08-11T15:18:02","modified_gmt":"2021-08-11T19:18:02","slug":"niger-hausse-des-atrocites-commises-par-les-groupes-armes","status":"publish","type":"post","link":"https:\/\/linitiative.ca\/International\/niger-hausse-des-atrocites-commises-par-les-groupes-armes\/","title":{"rendered":"Niger : hausse des atrocit\u00e9s commises par les groupes arm\u00e9s"},"content":{"rendered":"<div>\n<p><img loading=\"lazy\" decoding=\"async\" width=\"1200\" height=\"1200\" src=\"https:\/\/linitiative.ca\/International\/wp-content\/uploads\/sites\/23\/2021\/08\/16287094829319.jpg\" class=\"attachment-post-thumbnail size-post-thumbnail wp-post-image\" alt=\"\" srcset=\"https:\/\/linitiative.ca\/International\/wp-content\/uploads\/sites\/23\/2021\/08\/16287094829319.jpg 1200w, https:\/\/www.journalducameroun.com\/wp-content\/uploads\/2021\/08\/16287094829319-150x150.jpg 150w, https:\/\/www.journalducameroun.com\/wp-content\/uploads\/2021\/08\/16287094829319-300x300.jpg 300w, https:\/\/www.journalducameroun.com\/wp-content\/uploads\/2021\/08\/16287094829319-768x768.jpg 768w, https:\/\/www.journalducameroun.com\/wp-content\/uploads\/2021\/08\/16287094829319-1024x1024.jpg 1024w, https:\/\/www.journalducameroun.com\/wp-content\/uploads\/2021\/08\/16287094829319-440x440.jpg 440w, https:\/\/www.journalducameroun.com\/wp-content\/uploads\/2021\/08\/16287094829319-60x60.jpg 60w, https:\/\/www.journalducameroun.com\/wp-content\/uploads\/2021\/08\/16287094829319-100x100.jpg 100w, https:\/\/www.journalducameroun.com\/wp-content\/uploads\/2021\/08\/16287094829319-600x600.jpg 600w\" sizes=\"auto, (max-width: 1200px) 100vw, 1200px\"><\/p>\n<p>L&rsquo;ann\u00e9e en cours a \u00e9t\u00e9 particuli\u00e8rement meurtri\u00e8re pour le Niger, o\u00f9 plusieurs civils ont perdu la vie.Le bilan est lourd. Plus de 420 civils ont \u00e9t\u00e9 tu\u00e9s lors d&rsquo;attaques et de massacres perp\u00e9tr\u00e9s en 2021, selon l&rsquo;ONG Human Rights Watch. Les assauts men\u00e9s par les groupes arm\u00e9s depuis janvier 2021 ont \u00e9galement provoqu\u00e9 le d\u00e9placement de dizaines de milliers de personnes dans l&rsquo;ouest, souligne la m\u00eame source.<\/p>\n<p>\u00ab Des groupes islamistes arm\u00e9s semblent mener une guerre contre la population civile dans l&rsquo;ouest du Niger. Ils ont tu\u00e9, pill\u00e9 et br\u00fbl\u00e9, semant dans leur sillage mort et destruction et brisant des vies \u00bb, a d\u00e9clar\u00e9 la directrice du Sahel \u00e0 Human Rights Watch, Corinne Dufka, cit\u00e9e par le communiqu\u00e9 parvenu \u00e0 mercredi \u00e0 APA.<\/p>\n<p>Les neuf attaques document\u00e9es par Human Rights Watch ont eu lieu entre janvier et juillet 2021 dans des villes, villages et hameaux des r\u00e9gions occidentales de Tillab\u00e9ri et Tahoua, situ\u00e9es pr\u00e8s des fronti\u00e8res du Mali et du Burkina Faso.<\/p>\n<p>Depuis 2019, cette zone a connu une hausse spectaculaire des attaques contre des cibles militaires et, de plus en plus, contre des civils par des groupes islamistes arm\u00e9s affili\u00e9s \u00e0 l&rsquo;\u00c9tat islamique et, dans une moindre mesure, \u00e0 Al-Qa\u00efda.<\/p>\n<p>Partant de ce constat, l&rsquo;ONG estime que les groupes islamistes arm\u00e9s devraient cesser tous les abus contre les civils et les autorit\u00e9s nig\u00e9riennes devraient intensifier leurs efforts pour prot\u00e9ger les villages vuln\u00e9rables.<\/p>\n<p>Par ailleurs, Human Rights Watch dit avoir d\u00e9j\u00e0 fait \u00e9tat des abus commis par les forces de s\u00e9curit\u00e9 du Niger, notamment plus de 150 meurtres et disparitions forc\u00e9es pr\u00e9sum\u00e9s lors d&rsquo;op\u00e9rations antiterroristes men\u00e9es en 2019 et 2020.<\/p>\n<p>Une enqu\u00eate de la Commission nationale des droits de l&rsquo;homme du Niger a document\u00e9, selon l&rsquo;ONG, la disparition forc\u00e9e de 102 de ces personnes et localis\u00e9 71 de leurs corps dans des fosses communes.<\/p>\n<p>Les autorit\u00e9s nig\u00e9riennes devraient prendre des mesures urgentes pour mettre fin \u00e0 la recrudescence de meurtres de civils, a ainsi d\u00e9clar\u00e9 Human Rights Watch. \u00c0 cette fin, pr\u00e9conise-t-elle, Niamey devrait \u00e9tablir des r\u00e9seaux d&rsquo;alerte rapide, r\u00e9duire les d\u00e9lais de r\u00e9ponse de l&rsquo;arm\u00e9e aux villages menac\u00e9s et cr\u00e9er des comit\u00e9s form\u00e9s de civils, de forces de s\u00e9curit\u00e9 et d&rsquo;organisations de la soci\u00e9t\u00e9 civile pour identifier et r\u00e9pondre aux besoins urgents de protection.<\/p>\n<p>Cet article <a rel=\"nofollow\" href=\"https:\/\/www.journalducameroun.com\/niger-hausse-des-atrocites-commises-par-les-groupes-armes\/\">Niger : hausse des atrocit\u00e9s commises par les groupes arm\u00e9s<\/a> est apparu en premier sur <a rel=\"nofollow\" href=\"https:\/\/www.journalducameroun.com\/\">Journal du Cameroun<\/a>.<\/p>\n<\/div>\n<p>Auteur: APA News<br \/>\n<a href=\"https:\/\/www.journalducameroun.com\/niger-hausse-des-atrocites-commises-par-les-groupes-armes\/\">Cliquez ici pour lire l&rsquo;article depuis sa source.<\/a><\/p>\n","protected":false},"excerpt":{"rendered":"<p>L&rsquo;ann\u00e9e en cours a \u00e9t\u00e9 particuli\u00e8rement meurtri\u00e8re pour le Niger, o\u00f9 plusieurs civils ont perdu la vie.Le bilan est lourd. Plus de 420 civils ont \u00e9t\u00e9 tu\u00e9s lors d&rsquo;attaques et de massacres perp\u00e9tr\u00e9s en 2021, selon l&rsquo;ONG Human Rights Watch. Les assauts men\u00e9s par les groupes arm\u00e9s depuis janvier 2021 ont \u00e9galement provoqu\u00e9 le d\u00e9placement [&hellip;]<\/p>\n","protected":false},"author":1965,"featured_media":0,"comment_status":"closed","ping_status":"closed","sticky":false,"template":"","format":"standard","meta":{"fifu_image_url":"https:\/\/www.journalducameroun.com\/wp-content\/uploads\/2021\/08\/16287094829319.jpg","fifu_image_alt":"Niger : hausse des atrocit\u00e9s commises par les groupes arm\u00e9s","footnotes":""},"categories":[73,82],"tags":[],"class_list":["post-123906","post","type-post","status-publish","format-standard","hentry","category-actualite","category-cameroun"],"_links":{"self":[{"href":"https:\/\/linitiative.ca\/International\/wp-json\/wp\/v2\/posts\/123906","targetHints":{"allow":["GET"]}}],"collection":[{"href":"https:\/\/linitiative.ca\/International\/wp-json\/wp\/v2\/posts"}],"about":[{"href":"https:\/\/linitiative.ca\/International\/wp-json\/wp\/v2\/types\/post"}],"author":[{"embeddable":true,"href":"https:\/\/linitiative.ca\/International\/wp-json\/wp\/v2\/users\/1965"}],"replies":[{"embeddable":true,"href":"https:\/\/linitiative.ca\/International\/wp-json\/wp\/v2\/comments?post=123906"}],"version-history":[{"count":0,"href":"https:\/\/linitiative.ca\/International\/wp-json\/wp\/v2\/posts\/123906\/revisions"}],"wp:attachment":[{"href":"https:\/\/linitiative.ca\/International\/wp-json\/wp\/v2\/media?parent=123906"}],"wp:term":[{"taxonomy":"category","embeddable":true,"href":"https:\/\/linitiative.ca\/International\/wp-json\/wp\/v2\/categories?post=123906"},{"taxonomy":"post_tag","embeddable":true,"href":"https:\/\/linitiative.ca\/International\/wp-json\/wp\/v2\/tags?post=123906"}],"curies":[{"name":"wp","href":"https:\/\/api.w.org\/{rel}","templated":true}]}}