{"id":123909,"date":"2021-08-11T12:44:41","date_gmt":"2021-08-11T16:44:41","guid":{"rendered":"https:\/\/linitiative.ca\/International\/cemac-les-ministres-de-lueac-soumettent-aux-chefs-detats-un-plan-de-relance-post-covid\/"},"modified":"2021-08-11T12:44:41","modified_gmt":"2021-08-11T16:44:41","slug":"cemac-les-ministres-de-lueac-soumettent-aux-chefs-detats-un-plan-de-relance-post-covid","status":"publish","type":"post","link":"https:\/\/linitiative.ca\/International\/cemac-les-ministres-de-lueac-soumettent-aux-chefs-detats-un-plan-de-relance-post-covid\/","title":{"rendered":"Cemac : les ministres de l\u2019Ueac soumettent aux chefs d\u2019Etats un plan de relance post-covid"},"content":{"rendered":"<div>\n<p>Comme pr\u00e9vue, les ministres de l\u2019Economie de l\u2019Union \u00e9conomique d\u2019Afrique Centrale (Ueac), se sont r\u00e9unis \u00e0 Douala le 10 ao\u00fbt 2021, sous la pr\u00e9sidence d\u2019Alamine Ousmane Mey, ministre camerounais de l\u2019Economie, de la planification et de l\u2019am\u00e9nagement du territoire (Minepat). Par ailleurs pr\u00e9sident en exercice du Conseil des ministres de l\u2019Ueac.<\/p>\n<p>Au menu des \u00e9changes des personnalit\u00e9s issus des 6 pays de la Cemac (Cameroun, Gabon, Congo, Tchad, Guin\u00e9e Equatoriale, R\u00e9publique Centrafricaine), la relance post-covid-19. Nul n\u2019est sans ignorer que depuis son apparition en fin d\u2019ann\u00e9e 2019, celle-ci a entrain\u00e9 \u00e0 l\u2019\u00e9chelle mondiale un ralentissement de l\u2019\u00e9conomie. Pour les pays dit en d\u00e9veloppement, les tendances indiquaient une croissance rouge tourn\u00e9e vers la r\u00e9cession. Pour le cas pr\u00e9cis de la sous-r\u00e9gion Afrique centrale, l\u2019\u00e9valuation faite et pr\u00e9sent\u00e9e au cours de cette rencontre de l\u2019Ueac, indiquent de fa\u00e7on globale que les pays membres continuent de payer le lourd tribut de cette pand\u00e9mie. A titre d\u2019exemple, l\u2019on a une augmentation du stock de la dette globale qui passe de 49,1% \u00e0 55,6% du PIB (Produit int\u00e9rieur brut) en un an, le recul des r\u00e9serves de changes avec la perte de 1\u00a0116 milliards de Fcfa, soit 0,3 mois d\u2019importation de biens et services et les finances publiques qui ont \u00e9t\u00e9 priv\u00e9s de 2\u00a0747 milliards de Fcfa du fait des mesures \u00e9conomiques pour soutenir les entreprises.<\/p>\n<p><strong>Lire aussi<\/strong> : <strong><a href=\"https:\/\/ecomatin.net\/conjoncture-lavenirr-socio-economique-preoccupe-les-ministres-s-de-leconomie-de-la-cemac\/\">Conjoncture : l\u2019avenir socio-\u00e9conomique pr\u00e9occupe les ministres de l\u2019Economie de la Cemac<\/a><\/strong><\/p>\n<p>Au vu de ces indicateurs et bien que personne ne puisse pr\u00e9dire quand s\u2019arr\u00eateront les effets n\u00e9fastes de la pand\u00e9mie, les pays se sont r\u00e9solument engag\u00e9s dans un processus de relance \u00e9conomique. \u00ab\u00a0La relance \u00e9conomique post-covid-19 doit \u00eatre une cause commune. Elle doit \u00eatre int\u00e9gr\u00e9e, efficace en vue de la transformation\u00a0\u00a0structurelle et l\u2019\u00e9mergence \u00e9conomique au sein de la Communaut\u00e9 \u00e9conomique et mon\u00e9taire de l\u2019Afrique centrale\u00a0\u00bb, fait savoir la Commission Cemac.<\/p>\n<p>La solution forte port\u00e9e alors au cours de cette r\u00e9union extraordinaire \u00e9tant la r\u00e9forme structurelle de l\u2019\u00e9conomie. \u00ab\u00a0Au moment o\u00f9 nos pays ont engag\u00e9, les n\u00e9gociations pour les programmes de seconde g\u00e9n\u00e9ration avec le FMI, les objectifs de transformation structurelle de nos \u00e9conomies doivent \u00eatre au c\u0153ur de nos pr\u00e9occupations. D\u2019abord assurer une riposte ad\u00e9quate \u00e0 la pand\u00e9mie de la Covid-19 et ensuite reconstituer nos \u00e9conomies sur les mod\u00e8les appropri\u00e9s r\u00e9silients, porteurs de croissance et d\u2019emplois\u00a0\u00bb, confie Alamine Ousmane Mey.<\/p>\n<p><strong>Lire aussi<\/strong> : <strong><a href=\"https:\/\/ecomatin.net\/ueac-la-relance-post-covid-en-etude\/\">Ueac : La relance post-covid en \u00e9tude<\/a><\/strong><\/p>\n<p>Toujours dans l\u2019optique de relever les \u00e9conomies de la sous-r\u00e9gion, il est envisag\u00e9 la poursuite des r\u00e9formes et actions d\u00e9j\u00e0 engag\u00e9es au niveau communautaire, de m\u00eame que des r\u00e9formes plus structurelles. Il s\u2019agit ici selon le\u00a0\u00a0Pr Daniel Ona Ondo, pr\u00e9sident en exercice de la Commission de Cemac de \u00ab\u00a0poursuivre l\u2019\u00e9largissement de l\u2019assiette fiscale, l\u2019harmonisation des pratiques fiscales et la modernisation des administrations fiscales et douani\u00e8res etc.\u00a0\u00bb<\/p>\n<p>Il convient de noter\u00a0que ces diff\u00e9rentes propositions \u00e9mises pour relancer l\u2019\u00e9conomie r\u00e9gionale seront soumise \u00e0 l\u2019appr\u00e9ciation des chefs d\u2019Etats de la Cemac qui se r\u00e9uniront le 18 ao\u00fbt prochain. \u00absur la foi du rapport d\u2019\u00e9valuation de la situation macro-\u00e9conomique dans la Cemac en contexte de pand\u00e9mie de la Covid-19 et des mesures de redressement, les ministres de\u00a0\u00a0l\u2019\u00e9conomie, des finances et de l\u2019int\u00e9gration r\u00e9gionale valident provisoirement le plan de reprise \u00e9conomique \u00e0 soumettre \u00e0 l\u2019adoption ultime des chefs d\u2019Etat en sommet extraordinaire\u00a0\u00bb, affirme la Commission de la Cemac.<\/p>\n<p><strong>Lire aussi<\/strong> : <strong><a href=\"https:\/\/ecomatin.net\/les-etats-de-la-cemac-cumulent-100-milliards-de-f-darrieres-de-tci\/\">Les Etats de la Cemac cumulent 100 milliards de F d\u2019arri\u00e9r\u00e9s de TCI<\/a><\/strong><\/p>\n<p>L\u2019article <a rel=\"nofollow\" href=\"https:\/\/ecomatin.net\/cemac-les-ministres-de-lueac-soumettent-aux-chefs-detats-un-plan-de-relance-post-covid\/\">Cemac : les ministres de l\u2019Ueac soumettent aux chefs d\u2019Etats un plan de relance post-covid<\/a> est apparu en premier sur <a rel=\"nofollow\" href=\"https:\/\/ecomatin.net\/\">EcoMatin<\/a>.<\/p>\n<\/div>\n<p>Auteur: Cindy MBALA<br \/>\n<a href=\"https:\/\/ecomatin.net\/cemac-les-ministres-de-lueac-soumettent-aux-chefs-detats-un-plan-de-relance-post-covid\/\">Cliquez ici pour lire l&rsquo;article depuis sa source.<\/a><\/p>\n","protected":false},"excerpt":{"rendered":"<p>Comme pr\u00e9vue, les ministres de l\u2019Economie de l\u2019Union \u00e9conomique d\u2019Afrique Centrale (Ueac), se sont r\u00e9unis \u00e0 Douala le 10 ao\u00fbt 2021, sous la pr\u00e9sidence d\u2019Alamine Ousmane Mey, ministre camerounais de l\u2019Economie, de la planification et de l\u2019am\u00e9nagement du territoire (Minepat). Par ailleurs pr\u00e9sident en exercice du Conseil des ministres de l\u2019Ueac. Au menu des \u00e9changes [&hellip;]<\/p>\n","protected":false},"author":1969,"featured_media":0,"comment_status":"closed","ping_status":"closed","sticky":false,"template":"","format":"standard","meta":{"fifu_image_url":"","fifu_image_alt":"","footnotes":""},"categories":[82,78],"tags":[],"class_list":["post-123909","post","type-post","status-publish","format-standard","hentry","category-cameroun","category-economie"],"_links":{"self":[{"href":"https:\/\/linitiative.ca\/International\/wp-json\/wp\/v2\/posts\/123909","targetHints":{"allow":["GET"]}}],"collection":[{"href":"https:\/\/linitiative.ca\/International\/wp-json\/wp\/v2\/posts"}],"about":[{"href":"https:\/\/linitiative.ca\/International\/wp-json\/wp\/v2\/types\/post"}],"author":[{"embeddable":true,"href":"https:\/\/linitiative.ca\/International\/wp-json\/wp\/v2\/users\/1969"}],"replies":[{"embeddable":true,"href":"https:\/\/linitiative.ca\/International\/wp-json\/wp\/v2\/comments?post=123909"}],"version-history":[{"count":0,"href":"https:\/\/linitiative.ca\/International\/wp-json\/wp\/v2\/posts\/123909\/revisions"}],"wp:attachment":[{"href":"https:\/\/linitiative.ca\/International\/wp-json\/wp\/v2\/media?parent=123909"}],"wp:term":[{"taxonomy":"category","embeddable":true,"href":"https:\/\/linitiative.ca\/International\/wp-json\/wp\/v2\/categories?post=123909"},{"taxonomy":"post_tag","embeddable":true,"href":"https:\/\/linitiative.ca\/International\/wp-json\/wp\/v2\/tags?post=123909"}],"curies":[{"name":"wp","href":"https:\/\/api.w.org\/{rel}","templated":true}]}}