{"id":123910,"date":"2021-08-11T12:51:04","date_gmt":"2021-08-11T16:51:04","guid":{"rendered":"https:\/\/linitiative.ca\/International\/cemac-le-cameroun-accueille-le-18-aout-prochain-le-sommet-extraordinaire-des-chefs-detats\/"},"modified":"2021-08-11T12:51:04","modified_gmt":"2021-08-11T16:51:04","slug":"cemac-le-cameroun-accueille-le-18-aout-prochain-le-sommet-extraordinaire-des-chefs-detats","status":"publish","type":"post","link":"https:\/\/linitiative.ca\/International\/cemac-le-cameroun-accueille-le-18-aout-prochain-le-sommet-extraordinaire-des-chefs-detats\/","title":{"rendered":"Cemac : le Cameroun accueille le 18 ao\u00fbt prochain, le sommet extraordinaire des chefs d\u2019Etats"},"content":{"rendered":"<div>\n<p>Les experts du Cameroun, de la Commission de la Cemac (Communaut\u00e9 \u00e9conomique de l\u2019Afrique centrale), du Pr\u00e9f-Cemac et de la Banque des \u00c9tats de l\u2019Afrique centrale (Beac) ont \u00e9t\u00e9 charg\u00e9 d\u2019\u00e9laborer en urgence l\u2019avant-projet du communiqu\u00e9 final du sommet extraordinaire de la Conf\u00e9rence des Chefs d\u2019\u00c9tat de la Cemac d\u00e9roul\u00e9 le 10 ao\u00fbt 2021. C\u2019est l\u2019une des principales recommandations issues de la session extraordinaire du Conseil des ministres de l\u2019Union \u00c9conomique de l\u2019Afrique Centrale (UEAC). Pr\u00e9sid\u00e9e par Alamine Ousmane Mey, le Ministre camerounais de l\u2019\u00e9conomie, de la planification et de l\u2019am\u00e9nagement du territoire (Minepat), Pr\u00e9sident en exercice du Conseil des ministres de l\u2019UEAC, la session extraordinaire du Conseil des \u00e9conomies de l\u2019UEAC a connu l\u2019examen du projet de rapport sur l\u2019\u00e9valuation de la situation macro-\u00e9conomique dans la Cemac en contexte de pand\u00e9mie du Covid-19, l\u2019analyse des mesures de redressement, et l\u2019examen du projet d\u2019ordre du jour de la session extraordinaire de la Conf\u00e9rence des Chefs d\u2019\u00c9tat, entre autres.\u00a0<\/p>\n<p><strong>Lire aussi<\/strong> : <strong><a href=\"https:\/\/ecomatin.net\/conjoncture-lavenirr-socio-economique-preoccupe-les-ministres-s-de-leconomie-de-la-cemac\/\">Conjoncture : l\u2019avenir socio-\u00e9conomique pr\u00e9occupe les ministres de l\u2019Economie de la Cemac<\/a><\/strong><\/p>\n<p>La session extraordinaire de Douala s\u2019est tenue dans un contexte particulier marqu\u00e9, d\u2019apr\u00e8s le Pr. Daniel Ona Ondo, le Pr\u00e9sident de la Commission de la Cemac, \u00abl\u2019entr\u00e9e en vigueur de la Zlecaf, la pand\u00e9mie sanitaire Covid-19, l\u2019\u00e9ch\u00e9ance de la premi\u00e8re g\u00e9n\u00e9ration des programmes de facilit\u00e9s \u00e9largies, les n\u00e9gociations et conclusions de nouveaux accords entre les \u00c9tats de la\u00a0 Cemac et le Fonds mon\u00e9taire international\u00bb. Des \u00e9l\u00e9ments conjoncturels qui ont impos\u00e9 aux 6 pays d\u2019Afrique centrale, \u00abune gestion pragmatique, vigilante et efficiente de leurs finances publiques\u00bb, fait observer Alamine Ousmane Mey.\u00a0<\/p>\n<p>L\u2019essentiel des travaux a port\u00e9 sur l\u2019examen du document de travail \u00e9labor\u00e9 par la Commission de la Cemac. Document qui d\u2019apr\u00e8s le Pr. Daniel Ona Ondo, insiste sur la n\u00e9cessit\u00e9 de la mise en oeuvre des r\u00e9formes structurelles dans le cadre des programmes de seconde g\u00e9n\u00e9ration avec le FMI, la consolidation budg\u00e9taire \u00e0\u00a0 travers le renforcement de la mobilisation des recettes non-p\u00e9troli\u00e8res, la gestion des finances publiques \u00e0\u00a0 travers l\u2019\u00e9largissement de l\u2019assiette fiscale, l\u2019harmonisation des pratiques fiscales et la modernisation des administrations fiscales et douani\u00e8res (modernisation du syst\u00e8me d\u2019imposition et des paiements des imp\u00f4ts et taxes), la modernisation des m\u00e9thodes, proc\u00e9dures instruments de gestion des finances publiques conform\u00e9ment aux normes \u00e9dict\u00e9es par le Communaut\u00e9.\u00a0<\/p>\n<p><strong>Lire aussi<\/strong> : <strong><a href=\"https:\/\/ecomatin.net\/les-etats-de-la-cemac-cumulent-100-milliards-de-f-darrieres-de-tci\/\">Les Etats de la Cemac cumulent 100 milliards de F d\u2019arri\u00e9r\u00e9s de TCI<\/a>\u00a0<\/strong><\/p>\n<p>Les commissaires de la Cemac ont \u00e9galement mis un accent particulier sur le maintien des mesures d\u2019assouplissement mon\u00e9taire et prudentiel au profit du syst\u00e8me bancaire, le rapatriement des d\u00e9p\u00f4ts de l\u2019administration centrale, des organismes et entreprises publiques d\u00e9tenus \u00e0 l\u2019\u00e9tranger en vue de garantir la stabilit\u00e9 externe de la zone mon\u00e9taire, finaliser dans les plus brefs d\u00e9lais la mise en place des strat\u00e9gies d\u2019apurement des arri\u00e9r\u00e9s de paiement, le soutien de la Cobac aux banques en difficult\u00e9s etc\u2026<\/p>\n<p>Les grands dossiers sous-r\u00e9gionaux \u00e0 examiner par le sommet de la Conf\u00e9rence des Chefs d\u2019\u00c9tat et de gouvernement de la Cemac porteront \u00e9galement sur les questions s\u00e9curitaires et mon\u00e9taires,\u00a0 deux pr\u00e9occupations pour les Chefs d\u2019\u00c9tat d\u2019Afrique centrale.\u00a0 Sur la probl\u00e9matique mon\u00e9taire, la r\u00e9forme de la coop\u00e9ration avec la France constitue incontestablement l\u2019un des points cruciaux du sommet de Yaound\u00e9.\u00a0<\/p>\n<p><strong>Lire aussi<\/strong> : <strong><a href=\"https:\/\/ecomatin.net\/la-cemac-table-sur-un-budget-de-89-milliards-de-fcfa-en-2021\/\">La Cemac table sur un budget de 89 milliards de Fcfa en 2021<\/a><\/strong><\/p>\n<p>Il s\u2019agit pr\u00e9cis\u00e9ment de l\u2019ind\u00e9pendance de la banque centrale, les m\u00e9canismes de discipline budg\u00e9taire de la Cemac, et la r\u00e9silience de la zone aux chocs exog\u00e8nes engendr\u00e9s par les prix du p\u00e9trole. Sur convocation de Paul Biya, le Pr\u00e9sident du Cameroun, Pr\u00e9sident en exercice de la Conf\u00e9rence des Chefs d\u2019\u00c9tat de l\u2019UEAC, le sommet extraordinaire de la Conf\u00e9rence des Chefs d\u2019\u00c9tat de la Cemac se tiendra le 18 ao\u00fbt 2021 \u00e0 Yaound\u00e9, alors que la\u00a0 Zone Cemac conna\u00eet une r\u00e9cession exceptionnelle de 3,3%, et une croissance n\u00e9gative estim\u00e9e \u00e0 pr\u00e8s de 2%.<\/p>\n<p>L\u2019article <a rel=\"nofollow\" href=\"https:\/\/ecomatin.net\/cemac-le-cameroun-accueille-le-18-aout-prochain-le-sommet-extraordinaire-des-chefs-detats\/\">Cemac : le Cameroun accueille le 18 ao\u00fbt prochain, le sommet extraordinaire des chefs d\u2019Etats<\/a> est apparu en premier sur <a rel=\"nofollow\" href=\"https:\/\/ecomatin.net\/\">EcoMatin<\/a>.<\/p>\n<\/div>\n<p>Auteur: Georges Semey<br \/>\n<a href=\"https:\/\/ecomatin.net\/cemac-le-cameroun-accueille-le-18-aout-prochain-le-sommet-extraordinaire-des-chefs-detats\/\">Cliquez ici pour lire l&rsquo;article depuis sa source.<\/a><\/p>\n","protected":false},"excerpt":{"rendered":"<p>Les experts du Cameroun, de la Commission de la Cemac (Communaut\u00e9 \u00e9conomique de l\u2019Afrique centrale), du Pr\u00e9f-Cemac et de la Banque des \u00c9tats de l\u2019Afrique centrale (Beac) ont \u00e9t\u00e9 charg\u00e9 d\u2019\u00e9laborer en urgence l\u2019avant-projet du communiqu\u00e9 final du sommet extraordinaire de la Conf\u00e9rence des Chefs d\u2019\u00c9tat de la Cemac d\u00e9roul\u00e9 le 10 ao\u00fbt 2021. C\u2019est [&hellip;]<\/p>\n","protected":false},"author":1969,"featured_media":0,"comment_status":"closed","ping_status":"closed","sticky":false,"template":"","format":"standard","meta":{"fifu_image_url":"","fifu_image_alt":"","footnotes":""},"categories":[82,78],"tags":[],"class_list":["post-123910","post","type-post","status-publish","format-standard","hentry","category-cameroun","category-economie"],"_links":{"self":[{"href":"https:\/\/linitiative.ca\/International\/wp-json\/wp\/v2\/posts\/123910","targetHints":{"allow":["GET"]}}],"collection":[{"href":"https:\/\/linitiative.ca\/International\/wp-json\/wp\/v2\/posts"}],"about":[{"href":"https:\/\/linitiative.ca\/International\/wp-json\/wp\/v2\/types\/post"}],"author":[{"embeddable":true,"href":"https:\/\/linitiative.ca\/International\/wp-json\/wp\/v2\/users\/1969"}],"replies":[{"embeddable":true,"href":"https:\/\/linitiative.ca\/International\/wp-json\/wp\/v2\/comments?post=123910"}],"version-history":[{"count":0,"href":"https:\/\/linitiative.ca\/International\/wp-json\/wp\/v2\/posts\/123910\/revisions"}],"wp:attachment":[{"href":"https:\/\/linitiative.ca\/International\/wp-json\/wp\/v2\/media?parent=123910"}],"wp:term":[{"taxonomy":"category","embeddable":true,"href":"https:\/\/linitiative.ca\/International\/wp-json\/wp\/v2\/categories?post=123910"},{"taxonomy":"post_tag","embeddable":true,"href":"https:\/\/linitiative.ca\/International\/wp-json\/wp\/v2\/tags?post=123910"}],"curies":[{"name":"wp","href":"https:\/\/api.w.org\/{rel}","templated":true}]}}