{"id":123911,"date":"2021-08-11T13:10:54","date_gmt":"2021-08-11T17:10:54","guid":{"rendered":"https:\/\/linitiative.ca\/International\/hommage-a-penda-ekoka-le-cameroun-perd-un-de-ses-plus-grands-economistes\/"},"modified":"2021-08-11T13:10:54","modified_gmt":"2021-08-11T17:10:54","slug":"hommage-a-penda-ekoka-le-cameroun-perd-un-de-ses-plus-grands-economistes","status":"publish","type":"post","link":"https:\/\/linitiative.ca\/International\/hommage-a-penda-ekoka-le-cameroun-perd-un-de-ses-plus-grands-economistes\/","title":{"rendered":"Hommage \u00e0 Penda Ekoka : le Cameroun perd un de ses plus grands \u00e9conomistes"},"content":{"rendered":"<div>\n<p>La nouvelle est tomb\u00e9e tel un couperet. A 69ans et p\u00e8re de trois enfants, Christian Penda Ekoka a tir\u00e9 sa r\u00e9v\u00e9rence dans la nuit du 7 au 08 ao\u00fbt dernier. L\u2019\u00e9conomiste, tout au long de sa brillante carri\u00e8re, a toujours eu le courage de ses id\u00e9es qu\u2019il a pr\u00e9sent\u00e9es au fil des ann\u00e9es sous diverses casquettes. Titulaire d\u2019un baccalaur\u00e9at C obtenu en 1971 au coll\u00e8ge Libermann \u00e0 Douala, il a \u00e9t\u00e9 s\u00e9lectionn\u00e9 par l\u2019Agence canadienne de d\u00e9veloppement international (ACDI) pour poursuivre des \u00e9tudes d\u2019ing\u00e9nieur au Canada. Il passera par un cycle pr\u00e9paratoire en math\u00e9matiques et physique au coll\u00e8ge Br\u00e9beuf \u00e0 Montr\u00e9al au Canada entre 1971 et 1972.De retour au Cameroun, il est employ\u00e9 d\u00e8s janvier 1979 \u00e0 la Soci\u00e9t\u00e9 nationale d\u2019investissement (SNI). Il y sera analyste de projets, puis, de 1982 \u00e0 1992, directeur des \u00e9tudes et projets. Il sera cumulativement, de 1990 \u00e0 1992, administrateur d\u00e9l\u00e9gu\u00e9 de l\u2019H\u00f4tel Hilton Yaound\u00e9.<\/p>\n<p><strong>Lire aussi<\/strong> : <strong><a href=\"https:\/\/ecomatin.net\/linitiative-survie-cameroon-annonce-avoir-leve-721-millions-au-22-aout-2020\/\">L\u2019initiative Survie-Cameroon annonce avoir lev\u00e9 721 millions au 22 ao\u00fbt 2020<\/a><\/strong><\/p>\n<p>A son d\u00e9part de la Sni (d\u00e9mission), il cr\u00e9e le cabinet Business Development Service (BDS ou InsightBDS) dont il est pr\u00e9sident directeur g\u00e9n\u00e9ral. Il est sp\u00e9cialis\u00e9 dans l\u2019ing\u00e9nierie et le financement de projets, le conseil en investissement, l\u2019\u00e9conomie et les strat\u00e9gies industrielles, le renforcement des capacit\u00e9s des institutions\/ entreprises publiques et priv\u00e9es. Ses prestations se font au Cameroun et dans plus de 25 pays d\u2019Afrique et des Cara\u00efbes. BDS est agr\u00e9\u00e9 comme fournisseur de services de consultations au Groupe de la Banque Mondiale. Ce dernier \u00e9tait membre d\u2019un certain nombre d\u2019associations professionnelles (association des Anciens El\u00e8ves de l\u2019Ecole Polytechnique de Montr\u00e9al, American Association of Industrial Engineers, The Competitiveness Institute) entre autres.<\/p>\n<p>Pour Christian Penda Ekoka, il \u00e9tait important de changer de cap. \u00ab Depuis une quarantaine d\u2019ann\u00e9es, j\u2019ai \u00e9t\u00e9 associ\u00e9 \u00e0 de nombreuses r\u00e9flexions qui ont abouti \u00e0 des propositions de r\u00e9formes majeures. Si elles avaient \u00e9t\u00e9 appliqu\u00e9es, le sort de notre pays aurait \u00e9t\u00e9 bien meilleur. J\u2019en ai tir\u00e9 une conclusion fondamentale : le Cameroun pr\u00e9sente des manifestations \u00e9conomiques et sociales (atonie de la croissance, aggravation de la pr\u00e9carit\u00e9, des in\u00e9galit\u00e9s, de la pauvret\u00e9 et de l\u2019ins\u00e9curit\u00e9) d\u2019un mal dont l\u2019origine est profond\u00e9ment politique \u00bb, d\u00e9clarait-il. Il n\u2019a cess\u00e9 de faire des propositions sur divers aspects de l\u2019\u00e9conomie camerounaise.<\/p>\n<p><strong>Un litt\u00e9raire dans l\u2019\u00e2me<\/strong><\/p>\n<p>\u00ab\u00a0Faisons davantage attention \u00e0 la qualit\u00e9 de la dette \u00bb est probablement sa derni\u00e8re production scientifique. Dans cet article paru en anglais dans le magazine Development and Cooperation D+C (Vol. 47, 09-10\/2020), C. Penda Ekoka et L. van Oijen (co-auteurs) mettent en indexe la pertinence des instruments utilis\u00e9s par les partenaires techniques et financiers pour \u00ab aider \u00bb les pays du Sud face aux vents contraires de la conjoncture socio\u00e9conomique. En effet, les pays les plus pauvres ont besoin de soutien pour faire face aux d\u00e9fis li\u00e9s au Covid-19. A cet effet la communaut\u00e9 internationale a r\u00e9agi par des pr\u00eats de secours, des moratoires sur le paiement des services de la dette et il y a m\u00eame des plaidoyers pour son annulation. Or, soulignent l\u2019article, \u00ab de nombreuses exp\u00e9riences et recherches montrent que l\u2019argent ne permet pas de sortir du pi\u00e8ge de la dette et de la pauvret\u00e9, notamment quand il est pr\u00eat\u00e9 \u00e0 des gouvernements dont les institutions politiques sont pr\u00e9datrices et non inclusives, voire kleptocrates. \u00bb Au Cameroun, le Covigate en est la preuve \u00e9clatante, h\u00e9las.<\/p>\n<p><strong>Lire aussi<\/strong> : <strong><a href=\"https:\/\/ecomatin.net\/coronavirus-le-minsante-a-t-il-refuse-de-recevoir-le-don-de-maurice-kamto\/\">Coronavirus : le Minsant\u00e9 a-t-il refus\u00e9 de recevoir le don de Maurice Kamto ?<\/a><\/strong><\/p>\n<p>D\u2019une mani\u00e8re g\u00e9n\u00e9rale, sa vie de penseur, est meubl\u00e9e de plusieurs articles sur l\u2019\u00e9conomie, l\u2019aviculture, le financement de l\u2019\u00e9conomie, le partenariat public priv\u00e9 pour le d\u00e9veloppement des infrastructures. : \u00ab D\u00e9fis et opportunit\u00e9s pour les pays en d\u00e9veloppement ; l\u2019analyse des enjeux et risques respectifs des acteurs dans le partenariat public-priv\u00e9 ; la r\u00e9mun\u00e9ration des risques dans le partenariat public priv\u00e9 \u00bb. En 1997, il a publi\u00e9 un guide de l\u2019investisseur intitul\u00e9 Cameroun : \u00ab vers le troisi\u00e8me mill\u00e9naire \u00bb. En 2013, son cabinet, BDS, publiait \u00ab Cameroun : Terre d\u2019Hospitalit\u00e9 et d\u2019Opportunit\u00e9s, votre meilleur compagnon d\u2019affaire \u00bb. Le milieu dans lequel il se trouve aujourd\u2019hui n\u2019est pas des plus hospitaliers, mais l\u2019\u00e9conomiste y poursuit le combat pour permettre aux Camerounais de b\u00e9n\u00e9ficier des opportunit\u00e9s que leur pays offre. C\u2019est ainsi qu\u2019un valeureux soldat s\u2019\u00e9teint, mais la nation toute enti\u00e8re vous sera \u00e0 jamais reconnaissante.<\/p>\n<p><strong>Une vie politique, une vie de r\u00e9formes<\/strong><\/p>\n<p>Ses id\u00e9es, Penda Ekoka les a exprim\u00e9es \u00e0 travers les m\u00e9dias, au sein du Rassemblement d\u00e9mocratique du peuple camerounais (Rdpc), le parti au pouvoir dont il a \u00e9t\u00e9 militant pendant 22 ans, mais aussi \u00e0 travers les diff\u00e9rentes publications qu\u2019il a faites. M\u00eame comme militant du Rdpc, il a toujours critiqu\u00e9 ce qu\u2019il consid\u00e9rait comme des manquements dans la gestion des affaires publiques. Alors qu\u2019il est charg\u00e9 de mission au Comit\u00e9 central du Rdpc, il fera partie au d\u00e9but des ann\u00e9es 2000 du courant des \u00ab modernistes \u00bb. Ceux-ci vont d\u00e9noncer un certain nombre de probl\u00e8mes dans le parti et dans la gouvernance du Cameroun, \u00e0 travers notamment le livre blanc qu\u2019ils publieront en mai 2003.<\/p>\n<p><strong>Lire aussi<\/strong> : <strong><a href=\"https:\/\/ecomatin.net\/compte-bancaire-afriland-du-mrc-atanga-nji-hors-la-loi\/\">Compte bancaire Afriland du MRC : Atanga Nji, hors la loi<\/a><\/strong><\/p>\n<p>\u00c0 la veille de l\u2019\u00e9lection pr\u00e9sidentielle du 07 octobre 2018. C\u2019est en effet le 20 septembre 2018 que le conseiller technique \u00e0 la pr\u00e9sidence de la R\u00e9publique annonce qu\u2019il soutiendra le candidat du Mouvement pour la Renaissance du Cameroun (MRC) Maurice Kamto. Il avait certes d\u00e9j\u00e0 fait savoir \u00e0 travers quelques sorties qu\u2019il ne soutiendrait pas le pr\u00e9sident Paul Biya dans la qu\u00eate d\u2019un nouveau bail \u00e0 la t\u00eate du Cameroun. \u00ab Je s\u00e9lectionnerai de l\u2019univers des soutiens possibles le candidat qui aura pour moi manifest\u00e9 la volont\u00e9 de d\u00e9fendre le peuple, de changer le Cameroun pour la population. C\u2019est un candidat qui doit toujours avoir la population en t\u00eate. (\u2026) Je connais ceux qui font dans la langue de bois, mais je connais \u00e9galement des candidats qui ont v\u00e9ritablement un engagement vis-\u00e0-vis des populations pour transformer le pays, pour am\u00e9liorer les conditions de vie du peuple \u00bb, avait-il notamment d\u00e9clar\u00e9 sur un plateau de t\u00e9l\u00e9vision. Le lancement, au d\u00e9but du mois de septembre 2018, du mouvement AGIR avait permis de comprendre que des ann\u00e9es de collaboration avec Paul Biya n\u2019avait pas affect\u00e9 l\u2019esprit critique de Christian Penda Ekoka. Le mouvement qu\u2019il lan\u00e7ait se voulait une plateforme de r\u00e9flexion visant \u00e0 rassembler des jeunes aux id\u00e9es novatrices. Il a \u00e9t\u00e9 suivi par un certain nombre de personnes qui se sont imm\u00e9diatement mises au travail et qui, malgr\u00e9 l\u2019interpellation de leur leader, murissent divers projets au si\u00e8ge D\u2019AGIR au quartier Madagascar \u00e0 Yaound\u00e9. Ceux-ci continuent d\u2019avancer dans la mise sur pied des chantiers de la jeune association, confort\u00e9s par le message du pr\u00e9sident qui, depuis son lieu de d\u00e9tention les a fait savoir qu\u2019il allait bien et restait attach\u00e9 aux valeurs qui ont rapproch\u00e9 AGIR du MRC.<\/p>\n<p>L\u2019article <a rel=\"nofollow\" href=\"https:\/\/ecomatin.net\/hommage-a-penda-ekoka-le-cameroun-perd-un-de-ses-plus-grands-economistes\/\">Hommage \u00e0 Penda Ekoka : le Cameroun perd un de ses plus grands \u00e9conomistes<\/a> est apparu en premier sur <a rel=\"nofollow\" href=\"https:\/\/ecomatin.net\/\">EcoMatin<\/a>.<\/p>\n<\/div>\n<p>Auteur: Cedrick JIONGO<br \/>\n<a href=\"https:\/\/ecomatin.net\/hommage-a-penda-ekoka-le-cameroun-perd-un-de-ses-plus-grands-economistes\/\">Cliquez ici pour lire l&rsquo;article depuis sa source.<\/a><\/p>\n","protected":false},"excerpt":{"rendered":"<p>La nouvelle est tomb\u00e9e tel un couperet. A 69ans et p\u00e8re de trois enfants, Christian Penda Ekoka a tir\u00e9 sa r\u00e9v\u00e9rence dans la nuit du 7 au 08 ao\u00fbt dernier. L\u2019\u00e9conomiste, tout au long de sa brillante carri\u00e8re, a toujours eu le courage de ses id\u00e9es qu\u2019il a pr\u00e9sent\u00e9es au fil des ann\u00e9es sous diverses [&hellip;]<\/p>\n","protected":false},"author":1969,"featured_media":0,"comment_status":"closed","ping_status":"closed","sticky":false,"template":"","format":"standard","meta":{"fifu_image_url":"","fifu_image_alt":"","footnotes":""},"categories":[82,78],"tags":[],"class_list":["post-123911","post","type-post","status-publish","format-standard","hentry","category-cameroun","category-economie"],"_links":{"self":[{"href":"https:\/\/linitiative.ca\/International\/wp-json\/wp\/v2\/posts\/123911","targetHints":{"allow":["GET"]}}],"collection":[{"href":"https:\/\/linitiative.ca\/International\/wp-json\/wp\/v2\/posts"}],"about":[{"href":"https:\/\/linitiative.ca\/International\/wp-json\/wp\/v2\/types\/post"}],"author":[{"embeddable":true,"href":"https:\/\/linitiative.ca\/International\/wp-json\/wp\/v2\/users\/1969"}],"replies":[{"embeddable":true,"href":"https:\/\/linitiative.ca\/International\/wp-json\/wp\/v2\/comments?post=123911"}],"version-history":[{"count":0,"href":"https:\/\/linitiative.ca\/International\/wp-json\/wp\/v2\/posts\/123911\/revisions"}],"wp:attachment":[{"href":"https:\/\/linitiative.ca\/International\/wp-json\/wp\/v2\/media?parent=123911"}],"wp:term":[{"taxonomy":"category","embeddable":true,"href":"https:\/\/linitiative.ca\/International\/wp-json\/wp\/v2\/categories?post=123911"},{"taxonomy":"post_tag","embeddable":true,"href":"https:\/\/linitiative.ca\/International\/wp-json\/wp\/v2\/tags?post=123911"}],"curies":[{"name":"wp","href":"https:\/\/api.w.org\/{rel}","templated":true}]}}