{"id":123913,"date":"2021-08-12T07:00:00","date_gmt":"2021-08-12T11:00:00","guid":{"rendered":"https:\/\/linitiative.ca\/International\/khartoum-va-remettre-omar-el-bechir-a-la-cpi\/"},"modified":"2021-08-12T07:00:00","modified_gmt":"2021-08-12T11:00:00","slug":"khartoum-va-remettre-omar-el-bechir-a-la-cpi","status":"publish","type":"post","link":"https:\/\/linitiative.ca\/International\/khartoum-va-remettre-omar-el-bechir-a-la-cpi\/","title":{"rendered":"Khartoum va remettre Omar el-B\u00e9chir \u00e0 la CPI"},"content":{"rendered":"<div>Condition des groupes rebelles qui ont appel\u00e9 \u00e0 coop\u00e9rer avec la CPI lors de la signature de l\u2019accord de paix avec les autorit\u00e9s de la transition au Soudan<\/div>\n<p>Auteur:<br \/>\n<a href=\"https:\/\/www.liberte-algerie.com\/international\/khartoum-va-remettre-omar-el-bechir-a-la-cpi-363268\">Cliquez ici pour lire l&rsquo;article depuis sa source.<\/a><\/p>\n","protected":false},"excerpt":{"rendered":"<p>Condition des groupes rebelles qui ont appel\u00e9 \u00e0 coop\u00e9rer avec la CPI lors de la signature de l\u2019accord de paix avec les autorit\u00e9s de la transition au Soudan Auteur: Cliquez ici pour lire l&rsquo;article depuis sa source.<\/p>\n","protected":false},"author":1742,"featured_media":0,"comment_status":"closed","ping_status":"closed","sticky":false,"template":"","format":"standard","meta":{"fifu_image_url":"","fifu_image_alt":"","footnotes":""},"categories":[73,53],"tags":[],"class_list":["post-123913","post","type-post","status-publish","format-standard","hentry","category-actualite","category-algerie"],"_links":{"self":[{"href":"https:\/\/linitiative.ca\/International\/wp-json\/wp\/v2\/posts\/123913","targetHints":{"allow":["GET"]}}],"collection":[{"href":"https:\/\/linitiative.ca\/International\/wp-json\/wp\/v2\/posts"}],"about":[{"href":"https:\/\/linitiative.ca\/International\/wp-json\/wp\/v2\/types\/post"}],"author":[{"embeddable":true,"href":"https:\/\/linitiative.ca\/International\/wp-json\/wp\/v2\/users\/1742"}],"replies":[{"embeddable":true,"href":"https:\/\/linitiative.ca\/International\/wp-json\/wp\/v2\/comments?post=123913"}],"version-history":[{"count":0,"href":"https:\/\/linitiative.ca\/International\/wp-json\/wp\/v2\/posts\/123913\/revisions"}],"wp:attachment":[{"href":"https:\/\/linitiative.ca\/International\/wp-json\/wp\/v2\/media?parent=123913"}],"wp:term":[{"taxonomy":"category","embeddable":true,"href":"https:\/\/linitiative.ca\/International\/wp-json\/wp\/v2\/categories?post=123913"},{"taxonomy":"post_tag","embeddable":true,"href":"https:\/\/linitiative.ca\/International\/wp-json\/wp\/v2\/tags?post=123913"}],"curies":[{"name":"wp","href":"https:\/\/api.w.org\/{rel}","templated":true}]}}