{"id":123914,"date":"2021-08-12T07:00:00","date_gmt":"2021-08-12T11:00:00","guid":{"rendered":"https:\/\/linitiative.ca\/International\/ramaphosa-reconnait-la-corruption-de-letat\/"},"modified":"2021-08-12T07:00:00","modified_gmt":"2021-08-12T11:00:00","slug":"ramaphosa-reconnait-la-corruption-de-letat","status":"publish","type":"post","link":"https:\/\/linitiative.ca\/International\/ramaphosa-reconnait-la-corruption-de-letat\/","title":{"rendered":"Ramaphosa reconna\u00eet la corruption de l\u2019\u00c9tat"},"content":{"rendered":"<div>Le dirigeant sud-africain Cyril Ramaphosa a reconnu hier la corruption g\u00e9n\u00e9ralis\u00e9e de l\u2019\u00c9tat alors qu\u2019il \u00e9tait le vice-pr\u00e9sident de Jacob Zuma, affirmant qu\u2019il n\u2019avait pas d\u00e9missionn\u00e9<\/div>\n<p>Auteur:<br \/>\n<a href=\"https:\/\/www.liberte-algerie.com\/international\/ramaphosa-reconnait-la-corruption-de-letat-363267\">Cliquez ici pour lire l&rsquo;article depuis sa source.<\/a><\/p>\n","protected":false},"excerpt":{"rendered":"<p>Le dirigeant sud-africain Cyril Ramaphosa a reconnu hier la corruption g\u00e9n\u00e9ralis\u00e9e de l\u2019\u00c9tat alors qu\u2019il \u00e9tait le vice-pr\u00e9sident de Jacob Zuma, affirmant qu\u2019il n\u2019avait pas d\u00e9missionn\u00e9 Auteur: Cliquez ici pour lire l&rsquo;article depuis sa source.<\/p>\n","protected":false},"author":1742,"featured_media":0,"comment_status":"closed","ping_status":"closed","sticky":false,"template":"","format":"standard","meta":{"fifu_image_url":"","fifu_image_alt":"","footnotes":""},"categories":[73,53],"tags":[],"class_list":["post-123914","post","type-post","status-publish","format-standard","hentry","category-actualite","category-algerie"],"_links":{"self":[{"href":"https:\/\/linitiative.ca\/International\/wp-json\/wp\/v2\/posts\/123914","targetHints":{"allow":["GET"]}}],"collection":[{"href":"https:\/\/linitiative.ca\/International\/wp-json\/wp\/v2\/posts"}],"about":[{"href":"https:\/\/linitiative.ca\/International\/wp-json\/wp\/v2\/types\/post"}],"author":[{"embeddable":true,"href":"https:\/\/linitiative.ca\/International\/wp-json\/wp\/v2\/users\/1742"}],"replies":[{"embeddable":true,"href":"https:\/\/linitiative.ca\/International\/wp-json\/wp\/v2\/comments?post=123914"}],"version-history":[{"count":0,"href":"https:\/\/linitiative.ca\/International\/wp-json\/wp\/v2\/posts\/123914\/revisions"}],"wp:attachment":[{"href":"https:\/\/linitiative.ca\/International\/wp-json\/wp\/v2\/media?parent=123914"}],"wp:term":[{"taxonomy":"category","embeddable":true,"href":"https:\/\/linitiative.ca\/International\/wp-json\/wp\/v2\/categories?post=123914"},{"taxonomy":"post_tag","embeddable":true,"href":"https:\/\/linitiative.ca\/International\/wp-json\/wp\/v2\/tags?post=123914"}],"curies":[{"name":"wp","href":"https:\/\/api.w.org\/{rel}","templated":true}]}}