{"id":123920,"date":"2021-08-12T09:06:31","date_gmt":"2021-08-12T13:06:31","guid":{"rendered":"https:\/\/linitiative.ca\/International\/marrakech-prise-en-charge-des-cas-covid-lamenagement-du-chapiteau-dedie-avance-bien\/"},"modified":"2021-08-12T09:06:31","modified_gmt":"2021-08-12T13:06:31","slug":"marrakech-prise-en-charge-des-cas-covid-lamenagement-du-chapiteau-dedie-avance-bien","status":"publish","type":"post","link":"https:\/\/linitiative.ca\/International\/marrakech-prise-en-charge-des-cas-covid-lamenagement-du-chapiteau-dedie-avance-bien\/","title":{"rendered":"Marrakech \u2013 Prise en charge des cas Covid :  L\u2019am\u00e9nagement du chapiteau d\u00e9di\u00e9 avance bien"},"content":{"rendered":"<div>\n<p><img decoding=\"async\" width=\"300\" height=\"153\" src=\"https:\/\/linitiative.ca\/International\/wp-content\/uploads\/sites\/23\/2021\/08\/Covid-19-LameCC81nagement-du-chapiteau-marrakech-300x153-1.jpg\" class=\"attachment-medium size-medium wp-post-image\" alt=\"\" loading=\"lazy\" srcset=\"\/\/aujourdhui.ma\/wp-content\/uploads\/2021\/08\/Covid-19-Lame\u0301nagement-du-chapiteau-marrakech--300x153.jpg 300w, \/\/aujourdhui.ma\/wp-content\/uploads\/2021\/08\/Covid-19-Lame\u0301nagement-du-chapiteau-marrakech--274x140.jpg 274w, \/\/aujourdhui.ma\/wp-content\/uploads\/2021\/08\/Covid-19-Lame\u0301nagement-du-chapiteau-marrakech-.jpg 746w, \/\/aujourdhui.ma\/wp-content\/uploads\/2021\/08\/Covid-19-Lame\u0301nagement-du-chapiteau-marrakech--165x84.jpg 165w, \/\/aujourdhui.ma\/wp-content\/uploads\/2021\/08\/Covid-19-Lame\u0301nagement-du-chapiteau-marrakech--702x358.jpg 702w\" sizes=\"auto, (max-width: 300px) 100vw, 300px\"><\/p>\n<p><span style=\"font-size: 20px; color: #800000;\"><strong>Les travaux d\u2019am\u00e9nagement du chapiteau suppl\u00e9mentaire d\u00e9di\u00e9 \u00e0 la prise en charge des cas de la Covid-19 au niveau de Marrakech avancent \u00e0 une cadence soutenue.<\/strong><\/span><br \/>\n<span id=\"more-383902\"><\/span><\/p>\n<p>Ainsi, le wali de la r\u00e9gion Marrakech-Safi, gouverneur de la pr\u00e9fecture de Marrakech, M. Karim Kassi-Lahlou, a effectu\u00e9, mardi, une visite de terrain pour s\u2019enqu\u00e9rir de l\u2019\u00e9tat d\u2019avancement des travaux de l\u2019am\u00e9nagement de cette structure sanitaire, qui viendra all\u00e9ger la pression sur les \u00e9tablissements hospitaliers de la Cit\u00e9 ocre.<\/p>\n<p>Cette visite a \u00e9t\u00e9 une opportunit\u00e9 pour le responsable territorial pour r\u00e9it\u00e9rer ses remerciements \u00e0 tous les intervenants et ouvriers de ce chantier pour leurs efforts et mobilisation.<br \/>\nM. Kassi-Lahlou, qui \u00e9tait accompagn\u00e9 par le Secr\u00e9taire g\u00e9n\u00e9ral de la Wilaya, la Directrice r\u00e9gionale de la sant\u00e9, le directeur du Centre hospitalier universitaire (CHU) Mohammed VI, le d\u00e9l\u00e9gu\u00e9 provincial de la sant\u00e9, en plus du Commandant r\u00e9gional de la Protection civile, des autorit\u00e9s locales et des chefs des services concern\u00e9s \u00e0 la wilaya, a appel\u00e9 \u00e0 acc\u00e9l\u00e9rer la cadence des travaux afin que ce chapiteau soit pr\u00eat \u00e0 recevoir les premiers cas dans les plus brefs d\u00e9lais.<\/p>\n<p>Etendu sur 1.600 m2, ce chapiteau, dont la capacit\u00e9 s\u2019\u00e9l\u00e8ve \u00e0 200 lits dot\u00e9s de tous les \u00e9quipements m\u00e9dicaux n\u00e9cessaires \u00e0 la prise en charge des cas critiques de la Covid-19, vise \u00e0 d\u00e9velopper et am\u00e9liorer le syst\u00e8me de prise en charge des cas de la Covid-19, notamment les cas n\u00e9cessitant les soins intensifs au niveau de la ville de Marrakech.<br \/>\nL\u2019am\u00e9nagement de ce chapiteau s\u2019inscrit dans le cadre des efforts constants visant \u00e0 faire face \u00e0 l\u2019\u00e9volution de la situation \u00e9pid\u00e9miologique au niveau national en g\u00e9n\u00e9ral et au niveau de la r\u00e9gion Marrakech-Safi en particulier.<br \/>\nCette situation \u00e9pid\u00e9miologique se caract\u00e9rise par la recrudescence des cas de la Covid-19, ce qui entraine une pression suppl\u00e9mentaire sur le syst\u00e8me de sant\u00e9.<br \/>\nCe chapiteau vient s\u2019ajouter \u00e0 un autre am\u00e9nag\u00e9 au sein de l\u2019h\u00f4pital Ibn Tofail relevant du CHU Mohammed VI de Marrakech, lui aussi d\u00e9di\u00e9 \u00e0 la prise en charge des cas critiques du nouveau coronavirus.<\/p>\n<\/div>\n<p>Auteur: ALM<br \/>\n<a href=\"https:\/\/aujourdhui.ma\/societe\/marrakech-prise-en-charge-des-cas-covid-lamenagement-du-chapiteau-dedie-avance-bien\">Cliquez ici pour lire l&rsquo;article depuis sa source.<\/a><\/p>\n","protected":false},"excerpt":{"rendered":"<p>Les travaux d\u2019am\u00e9nagement du chapiteau suppl\u00e9mentaire d\u00e9di\u00e9 \u00e0 la prise en charge des cas de la Covid-19 au niveau de Marrakech avancent \u00e0 une cadence soutenue. Ainsi, le wali de la r\u00e9gion Marrakech-Safi, gouverneur de la pr\u00e9fecture de Marrakech, M. Karim Kassi-Lahlou, a effectu\u00e9, mardi, une visite de terrain pour s\u2019enqu\u00e9rir de l\u2019\u00e9tat d\u2019avancement des [&hellip;]<\/p>\n","protected":false},"author":1759,"featured_media":0,"comment_status":"closed","ping_status":"closed","sticky":false,"template":"","format":"standard","meta":{"fifu_image_url":"https:\/\/aujourdhui.ma\/wp-content\/uploads\/2021\/08\/Covid-19-Lame\u0301nagement-du-chapiteau-marrakech--300x153.jpg","fifu_image_alt":"Marrakech \u2013 Prise en charge des cas Covid :  L\u2019am\u00e9nagement du chapiteau d\u00e9di\u00e9 avance bien","footnotes":""},"categories":[73,54],"tags":[],"class_list":["post-123920","post","type-post","status-publish","format-standard","hentry","category-actualite","category-maroc"],"_links":{"self":[{"href":"https:\/\/linitiative.ca\/International\/wp-json\/wp\/v2\/posts\/123920","targetHints":{"allow":["GET"]}}],"collection":[{"href":"https:\/\/linitiative.ca\/International\/wp-json\/wp\/v2\/posts"}],"about":[{"href":"https:\/\/linitiative.ca\/International\/wp-json\/wp\/v2\/types\/post"}],"author":[{"embeddable":true,"href":"https:\/\/linitiative.ca\/International\/wp-json\/wp\/v2\/users\/1759"}],"replies":[{"embeddable":true,"href":"https:\/\/linitiative.ca\/International\/wp-json\/wp\/v2\/comments?post=123920"}],"version-history":[{"count":0,"href":"https:\/\/linitiative.ca\/International\/wp-json\/wp\/v2\/posts\/123920\/revisions"}],"wp:attachment":[{"href":"https:\/\/linitiative.ca\/International\/wp-json\/wp\/v2\/media?parent=123920"}],"wp:term":[{"taxonomy":"category","embeddable":true,"href":"https:\/\/linitiative.ca\/International\/wp-json\/wp\/v2\/categories?post=123920"},{"taxonomy":"post_tag","embeddable":true,"href":"https:\/\/linitiative.ca\/International\/wp-json\/wp\/v2\/tags?post=123920"}],"curies":[{"name":"wp","href":"https:\/\/api.w.org\/{rel}","templated":true}]}}