{"id":123922,"date":"2021-08-12T10:00:55","date_gmt":"2021-08-12T14:00:55","guid":{"rendered":"https:\/\/linitiative.ca\/International\/dr-imane-kendili-science-sans-conscience-nest-que-ruine-de-lame\/"},"modified":"2021-08-12T10:00:55","modified_gmt":"2021-08-12T14:00:55","slug":"dr-imane-kendili-science-sans-conscience-nest-que-ruine-de-lame","status":"publish","type":"post","link":"https:\/\/linitiative.ca\/International\/dr-imane-kendili-science-sans-conscience-nest-que-ruine-de-lame\/","title":{"rendered":"Dr Imane Kendili : \u00abScience sans conscience n\u2019est que ruine de l\u2019\u00e2me\u00bb"},"content":{"rendered":"<div>\n<p><img decoding=\"async\" width=\"300\" height=\"153\" src=\"https:\/\/linitiative.ca\/International\/wp-content\/uploads\/sites\/23\/2021\/08\/Dr-Imane-Kendili-300x153-1.jpg\" class=\"attachment-medium size-medium wp-post-image\" alt=\"\" loading=\"lazy\" srcset=\"\/\/aujourdhui.ma\/wp-content\/uploads\/2020\/05\/Dr-Imane-Kendili-300x153.jpg 300w, \/\/aujourdhui.ma\/wp-content\/uploads\/2020\/05\/Dr-Imane-Kendili-274x140.jpg 274w, \/\/aujourdhui.ma\/wp-content\/uploads\/2020\/05\/Dr-Imane-Kendili.jpg 746w, \/\/aujourdhui.ma\/wp-content\/uploads\/2020\/05\/Dr-Imane-Kendili-165x84.jpg 165w, \/\/aujourdhui.ma\/wp-content\/uploads\/2020\/05\/Dr-Imane-Kendili-702x358.jpg 702w\" sizes=\"auto, (max-width: 300px) 100vw, 300px\"><\/p>\n<p><span style=\"color: #800000; font-size: 20px;\"><strong>\u00abR\u00e9duction des risques : le Manifeste\u00bb aux \u00c9ditions Orion<\/strong><\/span><br \/>\n<span id=\"more-383873\"><\/span><\/p>\n<p><span style=\"color: #ff0000;\">Les \u00c9ditions Orion viennent de publier un livre tr\u00e8s attendu qui sort \u00e0 un moment crucial pour analyser, expliquer et aider \u00e0 comprendre les m\u00e9canismes mis en place pour la pr\u00e9vention et la gestion des graves crises que les \u00eatres humains peuvent confronter. Faisant appel \u00e0 28 sp\u00e9cialistes, chacun dans son domaine, cet ouvrage collectif met toute la lumi\u00e8re sur la crise sanitaire mondiale qui affecte aussi d\u2019autres domaines de la vie, de la politique \u00e0 l\u2019\u00e9conomie, en passant par la soci\u00e9t\u00e9, la culture et nos syst\u00e8mes de valeurs. <\/span><br \/>\n<span style=\"color: #ff0000;\">Interview.<\/span><\/p>\n<p><strong>Pourquoi cet ouvrage et pourquoi maintenant ?<\/strong><\/p>\n<p><strong>Dr Imane Kendili :<\/strong> Avec toutes les personnes engag\u00e9es dans ce grand projet de livre collectif, nous avons longuement r\u00e9fl\u00e9chi, avec Abdelhak Najib, \u00e9crivain, philosophe et aussi \u00e9diteur du livre, et mon ami, le professeur Jallal Toufiq, pour lancer une profonde r\u00e9flexion sur la question de la r\u00e9duction des risques, qui part de nos r\u00e9alit\u00e9s marocaines, pour embrasser d\u2019autres exp\u00e9riences un peu partout dans le monde pour voir quelles sont les voies les plus balis\u00e9es pour r\u00e9pondre avec efficacit\u00e9 aux crises, pas uniquement sanitaires, qui peuvent nous frapper de plein fouet. Certes, cet ouvrage est initi\u00e9 et \u00e9dit\u00e9 au Maroc, mais il s\u2019adresse \u00e0 la communaut\u00e9 mondiale quelles que soient la r\u00e9gion, la langue et l\u2019identit\u00e9. Le but est de nous inscrire dans l\u2019universalit\u00e9 du propos en traitant de la r\u00e9duction des risques dans tous les domaines de la vie humaine en proposant des r\u00e9flexions humaines qui peuvent r\u00e9sonner au Maroc comme aux USA, en Grande-Bretagne, en Afrique, en Asie et ailleurs dans le monde, puisque nous sommes aujourd\u2019hui tous confront\u00e9s \u00e0 la m\u00eame menace, \u00e0 savoir la Covid-19.<\/p>\n<p><strong>Comment r\u00e9unir 28 sensibilit\u00e9s de bords tr\u00e8s diff\u00e9rents en gardant l\u2019homog\u00e9n\u00e9it\u00e9 de l\u2019ensemble, ce qui est souvent le talon d\u2019Achille des ouvrages collectifs, ce qui n\u2019est pas le cas dans celui-ci parce que son point fort r\u00e9side \u00e9galement dans sa profonde coh\u00e9rence?<\/strong><\/p>\n<p>Vous avez tout \u00e0 fait raison de souligner ce point. En effet, l\u2019une des questions fondamentales de cet ouvrage est l\u2019exigence de qualit\u00e9 et l\u2019harmonie des points de vue pour r\u00e9aliser un livre coh\u00e9rent sur une question cruciale qu\u2019est la r\u00e9duction des risques dans la soci\u00e9t\u00e9 humaine aujourd\u2019hui. Dans ce sens, de nombreuses personnalit\u00e9s ont apport\u00e9 leurs visions, leurs analyses, leurs approches et leurs points de vue. Et c\u2019est cette diversit\u00e9 qui enrichit tout le propos de l\u2019ouvrage. Chacun selon son exp\u00e9rience et son expertise, chacun selon la culture o\u00f9 il \u00e9volue, chacun selon ses r\u00e9f\u00e9rentiels \u00e0 la fois humains et moraux, pour apporter un \u00e9clairage \u00e9clectique qui r\u00e9pond de mani\u00e8re pointue aux grandes pr\u00e9occupations des humains aujourd\u2019hui, face \u00e0 un danger qui s\u2019est install\u00e9 dans la dur\u00e9e.<\/p>\n<p><strong>L\u2019ouvrage est n\u00e9 au Maroc, mais il a un rayonnement international avec la participation de grands noms de la m\u00e9decine, de la sociologie, de la philosophie, de l\u2019anthropologie, de l\u2019\u00e9thique, etc.<\/strong><\/p>\n<p>En effet, le livre r\u00e9unit une pl\u00e9iade de grands noms qui ont fait leurs preuves dans leurs domaines respectifs. Nous pensons \u00e0 des valeurs s\u00fbres comme Toufiq Jallal, Abdelhak Najib, David Gruson, Martin De Duve, Peter Harper, David Khayat, Jean-Marie Heydt, Jean-Fran\u00e7ois Cl\u00e9ment, Zeina Moukarzel, Abdelaziz Alaoui, Gabriel Malka, Chakib Guessous, Myriam Bahri, Raja Aghzadi, Fabien Brisard, Anass Doukkali, Youssef Mohi, Fares Mili, Amahdou Mahater Ba, Ana\u00efs Fossier, Mohamed Ibrahimi, Najib Bensbia, Sa\u00e2d Taoujni et Mustapha Souieh. Ce sont l\u00e0 plusieurs sensibilit\u00e9s, chacune dans son domaine, chacune selon son exp\u00e9rience et son expertise qui sous-tendent ce projet pour soulever d\u2019autres aspects de la r\u00e9duction des risques, des intellectuels, des philosophes et des \u00e9conomistes qui d\u00e9cortiquent les urgences du monde dans lequel nous sommes oblig\u00e9s de vivre aujourd\u2019hui, avec des menaces sanitaires, sociales, \u00e9conomiques et humaines de grande envergure qui peuvent remettre en cause tout notre syst\u00e8me de valeurs et tout ce que nous consid\u00e9rons comme acquis.<\/p>\n<p><strong>L\u2019ouvrage a un r\u00e9el impact sur les r\u00e9flexions en cours aujourd\u2019hui surtout dans notre pays qui lutte avec ses moyens contre la pand\u00e9mie\u2026<\/strong><\/p>\n<p>En effet, ce que notre pays traverse depuis plus d\u2019un an et demi, suite \u00e0 cette pand\u00e9mie plan\u00e9taire qui frappe de plein fouet le monde entier, nous montre \u00e0 quel point un ouvrage d\u00e9taill\u00e9, s\u00e9rieusement document\u00e9, faisant intervenir les m\u00e9decins les plus chevronn\u00e9s sur la r\u00e9duction des risques au Maroc et dans le monde, est d\u2019actualit\u00e9 pour ne pas dire urgent. Aujourd\u2019hui plus que jamais, nous avons besoin de nous pencher, avec rigueur, sur tous les aspects sanitaires dans notre pays pour faire le point de la situation actuelle, faire le diagnostic des urgences \u00e0 mettre en place et surtout apporter des \u00e9l\u00e9ments de r\u00e9ponse concrets et fiables pour pr\u00e9parer le Royaume \u00e0 faire face \u00e0 des situations sanitaires de crise qui impliquent une meilleure gestion des risques en amont.<\/p>\n<p>Nous l\u2019avons vu et v\u00e9cu, depuis le d\u00e9clenchement de la pand\u00e9mie au Maroc, il a fallu revenir sur ce qui nous semblait relever des \u00e9vidences : l\u2019hygi\u00e8ne au quotidien, la propret\u00e9 des mains, la propret\u00e9 du corps et la propret\u00e9 des lieux et des espaces communs, sans entrer dans d\u2019autres d\u00e9tails plus pointus qui rel\u00e8vent de la m\u00e9decine pr\u00e9ventive \u00e0 proprement dite. C\u2019est dans cet esprit que cet ouvrage collectif donne la parole \u00e0 de nombreuses sensibilit\u00e9s m\u00e9dicales, riche chacune de son exp\u00e9rience, pour traiter des probl\u00e9matiques primordiales, et ce par rapport \u00e0 diff\u00e9rents types de pathologies.<\/p>\n<p>Cela va de la pneumologie aux cancers les plus graves, en passant par les probl\u00e8mes respiratoires, les maladies sexuellement transmissibles, les diff\u00e9rents types de diab\u00e8te, les pathologies m\u00e9taboliques, l\u2019addictologie, la psychiatrie, la sexologie, la cardiologie, les maladies gastriques et la traumatologie. L\u2019objectif de cet ouvrage est de r\u00e9pondre \u00e0 de nombreuses questions que non seulement les malades se posent, mais \u00e9galement les sp\u00e9cialistes, chacun dans son domaine de ma\u00eetrise. \u00c0 cette r\u00e9flexion s\u2019ajoutent le point de vue philosophique, l\u2019analyse sociologique, l\u2019aspect culturel et humain, la r\u00e9flexion \u00e9conomique et financi\u00e8re, dans un monde en profondes mutations.<\/p>\n<p><strong><span style=\"color: #ff0000;\">R\u00e9duction des risques : le Manifeste. Ouvrage collectif. \u00c9ditions Orion. 400 pages. Ao\u00fbt 2021.<\/span><\/strong><\/p>\n<\/div>\n<p>Auteur: ALM<br \/>\n<a href=\"https:\/\/aujourdhui.ma\/societe\/dr-imane-kendili-science-sans-conscience-nest-que-ruine-de-lame\">Cliquez ici pour lire l&rsquo;article depuis sa source.<\/a><\/p>\n","protected":false},"excerpt":{"rendered":"<p>\u00abR\u00e9duction des risques : le Manifeste\u00bb aux \u00c9ditions Orion Les \u00c9ditions Orion viennent de publier un livre tr\u00e8s attendu qui sort \u00e0 un moment crucial pour analyser, expliquer et aider \u00e0 comprendre les m\u00e9canismes mis en place pour la pr\u00e9vention et la gestion des graves crises que les \u00eatres humains peuvent confronter. Faisant appel \u00e0 [&hellip;]<\/p>\n","protected":false},"author":1759,"featured_media":0,"comment_status":"closed","ping_status":"closed","sticky":false,"template":"","format":"standard","meta":{"fifu_image_url":"https:\/\/aujourdhui.ma\/wp-content\/uploads\/2020\/05\/Dr-Imane-Kendili-300x153.jpg","fifu_image_alt":"Dr Imane Kendili : \u00abScience sans conscience n\u2019est que ruine de l\u2019\u00e2me\u00bb","footnotes":""},"categories":[73,54],"tags":[],"class_list":["post-123922","post","type-post","status-publish","format-standard","hentry","category-actualite","category-maroc"],"_links":{"self":[{"href":"https:\/\/linitiative.ca\/International\/wp-json\/wp\/v2\/posts\/123922","targetHints":{"allow":["GET"]}}],"collection":[{"href":"https:\/\/linitiative.ca\/International\/wp-json\/wp\/v2\/posts"}],"about":[{"href":"https:\/\/linitiative.ca\/International\/wp-json\/wp\/v2\/types\/post"}],"author":[{"embeddable":true,"href":"https:\/\/linitiative.ca\/International\/wp-json\/wp\/v2\/users\/1759"}],"replies":[{"embeddable":true,"href":"https:\/\/linitiative.ca\/International\/wp-json\/wp\/v2\/comments?post=123922"}],"version-history":[{"count":0,"href":"https:\/\/linitiative.ca\/International\/wp-json\/wp\/v2\/posts\/123922\/revisions"}],"wp:attachment":[{"href":"https:\/\/linitiative.ca\/International\/wp-json\/wp\/v2\/media?parent=123922"}],"wp:term":[{"taxonomy":"category","embeddable":true,"href":"https:\/\/linitiative.ca\/International\/wp-json\/wp\/v2\/categories?post=123922"},{"taxonomy":"post_tag","embeddable":true,"href":"https:\/\/linitiative.ca\/International\/wp-json\/wp\/v2\/tags?post=123922"}],"curies":[{"name":"wp","href":"https:\/\/api.w.org\/{rel}","templated":true}]}}