{"id":123926,"date":"2021-08-12T10:30:41","date_gmt":"2021-08-12T14:30:41","guid":{"rendered":"https:\/\/linitiative.ca\/International\/inauguration-du-bureau-de-liaison-disrael-a-rabat\/"},"modified":"2021-08-12T10:30:41","modified_gmt":"2021-08-12T14:30:41","slug":"inauguration-du-bureau-de-liaison-disrael-a-rabat","status":"publish","type":"post","link":"https:\/\/linitiative.ca\/International\/inauguration-du-bureau-de-liaison-disrael-a-rabat\/","title":{"rendered":"Inauguration du bureau de liaison d\u2019Isra\u00ebl \u00e0 Rabat"},"content":{"rendered":"<div>\n<p><img decoding=\"async\" width=\"300\" height=\"153\" src=\"https:\/\/linitiative.ca\/International\/wp-content\/uploads\/sites\/23\/2021\/08\/Inauguration-du-bureau-de-liaison-dIsrael-a-rabat-Maroc-300x153-1.jpg\" class=\"attachment-medium size-medium wp-post-image\" alt=\"\" loading=\"lazy\" srcset=\"\/\/aujourdhui.ma\/wp-content\/uploads\/2021\/08\/Inauguration-du-bureau-de-liaison-dIsrael-a-rabat-Maroc-300x153.jpg 300w, \/\/aujourdhui.ma\/wp-content\/uploads\/2021\/08\/Inauguration-du-bureau-de-liaison-dIsrael-a-rabat-Maroc-274x140.jpg 274w, \/\/aujourdhui.ma\/wp-content\/uploads\/2021\/08\/Inauguration-du-bureau-de-liaison-dIsrael-a-rabat-Maroc.jpg 746w, \/\/aujourdhui.ma\/wp-content\/uploads\/2021\/08\/Inauguration-du-bureau-de-liaison-dIsrael-a-rabat-Maroc-165x84.jpg 165w, \/\/aujourdhui.ma\/wp-content\/uploads\/2021\/08\/Inauguration-du-bureau-de-liaison-dIsrael-a-rabat-Maroc-702x358.jpg 702w\" sizes=\"auto, (max-width: 300px) 100vw, 300px\"><\/p>\n<p><span style=\"font-size: 20px; color: #800000;\"><strong>Le bureau de liaison de l\u2019\u00c9tat d\u2019Isra\u00ebl a \u00e9t\u00e9 inaugur\u00e9, jeudi \u00e0 Rabat, par le ministre isra\u00e9lien des Affaires \u00e9trang\u00e8res, Yair Lapid, actuellement en visite dans le Royaume.<\/strong><\/span><br \/>\n<span id=\"more-383913\"><\/span><\/p>\n<p>Cette ouverture de la repr\u00e9sentation isra\u00e9lienne au Maroc intervient en application de l\u2019accord tripartite Maroc-Etats-Unis-Isra\u00ebl, sign\u00e9 en d\u00e9cembre dernier.<\/p>\n<p>M. Lapid s\u2019est entretenu, mercredi \u00e0 Rabat, avec le ministre des Affaires \u00e9trang\u00e8res, de la Coop\u00e9ration africaine et des Marocains r\u00e9sidant \u00e0 l\u2019\u00e9tranger, Nasser Bourita, d\u2019une s\u00e9rie de questions d\u2019ordre bilat\u00e9ral et r\u00e9gional d\u2019int\u00e9r\u00eat commun.<br \/>\nLes deux responsables ont sign\u00e9, \u00e0 cette occasion, trois accords portant sur le renforcement de la coop\u00e9ration bilat\u00e9rale dans les domaines politique, culturel, de la jeunesse et des sports et des services a\u00e9riens, rappelle-t-on.<\/p>\n<p>M. Yair Lapid est en visite au Maroc \u00e0 la t\u00eate d\u2019une d\u00e9l\u00e9gation comprenant notamment le ministre du Travail, Meir Cohen et le pr\u00e9sident de la Commission des Affaires \u00e9trang\u00e8res et de la D\u00e9fense \u00e0 la Knesset (parlement isra\u00e9lien), Ram Ben Barak.<\/p>\n<\/div>\n<p>Auteur: ALM<br \/>\n<a href=\"https:\/\/aujourdhui.ma\/actualite\/inauguration-du-bureau-de-liaison-disrael-a-rabat\">Cliquez ici pour lire l&rsquo;article depuis sa source.<\/a><\/p>\n","protected":false},"excerpt":{"rendered":"<p>Le bureau de liaison de l\u2019\u00c9tat d\u2019Isra\u00ebl a \u00e9t\u00e9 inaugur\u00e9, jeudi \u00e0 Rabat, par le ministre isra\u00e9lien des Affaires \u00e9trang\u00e8res, Yair Lapid, actuellement en visite dans le Royaume. Cette ouverture de la repr\u00e9sentation isra\u00e9lienne au Maroc intervient en application de l\u2019accord tripartite Maroc-Etats-Unis-Isra\u00ebl, sign\u00e9 en d\u00e9cembre dernier. M. Lapid s\u2019est entretenu, mercredi \u00e0 Rabat, avec [&hellip;]<\/p>\n","protected":false},"author":1759,"featured_media":0,"comment_status":"closed","ping_status":"closed","sticky":false,"template":"","format":"standard","meta":{"fifu_image_url":"https:\/\/aujourdhui.ma\/wp-content\/uploads\/2021\/08\/Inauguration-du-bureau-de-liaison-dIsrael-a-rabat-Maroc-300x153.jpg","fifu_image_alt":"Inauguration du bureau de liaison d\u2019Isra\u00ebl \u00e0 Rabat","footnotes":""},"categories":[73,54],"tags":[],"class_list":["post-123926","post","type-post","status-publish","format-standard","hentry","category-actualite","category-maroc"],"_links":{"self":[{"href":"https:\/\/linitiative.ca\/International\/wp-json\/wp\/v2\/posts\/123926","targetHints":{"allow":["GET"]}}],"collection":[{"href":"https:\/\/linitiative.ca\/International\/wp-json\/wp\/v2\/posts"}],"about":[{"href":"https:\/\/linitiative.ca\/International\/wp-json\/wp\/v2\/types\/post"}],"author":[{"embeddable":true,"href":"https:\/\/linitiative.ca\/International\/wp-json\/wp\/v2\/users\/1759"}],"replies":[{"embeddable":true,"href":"https:\/\/linitiative.ca\/International\/wp-json\/wp\/v2\/comments?post=123926"}],"version-history":[{"count":0,"href":"https:\/\/linitiative.ca\/International\/wp-json\/wp\/v2\/posts\/123926\/revisions"}],"wp:attachment":[{"href":"https:\/\/linitiative.ca\/International\/wp-json\/wp\/v2\/media?parent=123926"}],"wp:term":[{"taxonomy":"category","embeddable":true,"href":"https:\/\/linitiative.ca\/International\/wp-json\/wp\/v2\/categories?post=123926"},{"taxonomy":"post_tag","embeddable":true,"href":"https:\/\/linitiative.ca\/International\/wp-json\/wp\/v2\/tags?post=123926"}],"curies":[{"name":"wp","href":"https:\/\/api.w.org\/{rel}","templated":true}]}}