{"id":123929,"date":"2021-08-11T14:00:00","date_gmt":"2021-08-11T18:00:00","guid":{"rendered":"https:\/\/linitiative.ca\/International\/amenagement-dun-nouveau-centre-de-vaccination\/"},"modified":"2021-08-11T14:00:00","modified_gmt":"2021-08-11T18:00:00","slug":"amenagement-dun-nouveau-centre-de-vaccination","status":"publish","type":"post","link":"https:\/\/linitiative.ca\/International\/amenagement-dun-nouveau-centre-de-vaccination\/","title":{"rendered":"Am\u00e9nagement d\u2019un nouveau centre de vaccination"},"content":{"rendered":"<div>\n<p class=\"has-text-align-center has-vivid-red-color has-text-color\"><strong>Au sein de la salle couverte omnisport \u00e0 M\u2019Rirt<\/strong><\/p>\n<p class=\"has-black-color has-text-color\"><strong>Un nouveau centre de vaccination a \u00e9t\u00e9 am\u00e9nag\u00e9 au sein de la salle couverte omnisport de M\u2019Rirt dans la province de Kh\u00e9nifra pour r\u00e9pondre \u00e0 la demande grandissante de vaccination contre le Covid-19 et partant r\u00e9ussir la campagne nationale de vaccination en vue d\u2019atteindre bient\u00f4t l\u2019immunit\u00e9 collective.<\/strong><\/p>\n<p class=\"has-black-color has-text-color\">L\u2019ouverture de ce nouveau centre vise \u00e0 acc\u00e9l\u00e9rer la cadence de l\u2019op\u00e9ration de vaccination qui a \u00e9t\u00e9 \u00e9largie progressivement pour englober aujourd\u2019hui la cat\u00e9gorie des jeunes de 20 ans et plus.<\/p>\n<p class=\"has-black-color has-text-color\">Aussit\u00f4t mis en service, ce centre de vaccination conna\u00eet \u00e0 l\u2019instar des autres stations am\u00e9nag\u00e9es au niveau de la ville de M\u2019Rirt une forte affluence de la part des citoyens de diff\u00e9rentes cat\u00e9gories d\u2019\u00e2ges en particulier les jeunes.<br \/>Le centre r\u00e9alise quotidiennement quelque 650 actes de vaccination dans un climat empreint de responsabilit\u00e9 et de mobilisation des cadres de sant\u00e9 et des agents des autorit\u00e9s locales.<\/p>\n<p class=\"has-black-color has-text-color\">Dans une d\u00e9claration \u00e0 l\u2019Agence marocaine de presse (MAP), Mustapha Jalal, m\u00e9decin au centre de sant\u00e9 de la commune rurale de Tighza a indiqu\u00e9 que le centre de vaccination am\u00e9nag\u00e9 au sein de la salle couverte omnisport de M\u2019Rirt conna\u00eet une forte affluence de la part des jeunes et que l\u2019op\u00e9ration de vaccination se d\u00e9roule de bonnes conditions et dans le respect total du protocole sanitaire mis en place par le minist\u00e8re de la Sant\u00e9.<\/p>\n<p class=\"has-black-color has-text-color\">M.Jalal a en outre invit\u00e9 les habitants de la ville de M\u2019Rirt non encore vaccin\u00e9s \u00e0 se rendre au centre de vaccination le plus proche de leur lieu de r\u00e9sidence pour b\u00e9n\u00e9ficier gratuitement du vaccin anti-covid19.<\/p>\n<p class=\"has-black-color has-text-color\">Le nouveau centre de vaccination est ouvert aux citoyens 7 jours sur 7 jusqu\u2019\u00e0 20 heures pour permettre au plus grand nombre de personnes de se faire vacciner dans les meilleures conditions.<\/p>\n<p>L\u2019article <a rel=\"nofollow\" href=\"http:\/\/albayane.press.ma\/amenagement-dun-nouveau-centre-de-vaccination.html\">Am\u00e9nagement d\u2019un nouveau centre de vaccination<\/a> est apparu en premier sur <a rel=\"nofollow\" href=\"http:\/\/albayane.press.ma\/\">ALBAYANE<\/a>.<\/p>\n<\/div>\n<p>Auteur: M&rsquo;hammed rahal<br \/>\n<a href=\"http:\/\/albayane.press.ma\/amenagement-dun-nouveau-centre-de-vaccination.html\">Cliquez ici pour lire l&rsquo;article depuis sa source.<\/a><\/p>\n","protected":false},"excerpt":{"rendered":"<p>Au sein de la salle couverte omnisport \u00e0 M\u2019Rirt Un nouveau centre de vaccination a \u00e9t\u00e9 am\u00e9nag\u00e9 au sein de la salle couverte omnisport de M\u2019Rirt dans la province de Kh\u00e9nifra pour r\u00e9pondre \u00e0 la demande grandissante de vaccination contre le Covid-19 et partant r\u00e9ussir la campagne nationale de vaccination en vue d\u2019atteindre bient\u00f4t l\u2019immunit\u00e9 [&hellip;]<\/p>\n","protected":false},"author":1760,"featured_media":0,"comment_status":"closed","ping_status":"closed","sticky":false,"template":"","format":"standard","meta":{"fifu_image_url":"","fifu_image_alt":"","footnotes":""},"categories":[73,54],"tags":[],"class_list":["post-123929","post","type-post","status-publish","format-standard","hentry","category-actualite","category-maroc"],"_links":{"self":[{"href":"https:\/\/linitiative.ca\/International\/wp-json\/wp\/v2\/posts\/123929","targetHints":{"allow":["GET"]}}],"collection":[{"href":"https:\/\/linitiative.ca\/International\/wp-json\/wp\/v2\/posts"}],"about":[{"href":"https:\/\/linitiative.ca\/International\/wp-json\/wp\/v2\/types\/post"}],"author":[{"embeddable":true,"href":"https:\/\/linitiative.ca\/International\/wp-json\/wp\/v2\/users\/1760"}],"replies":[{"embeddable":true,"href":"https:\/\/linitiative.ca\/International\/wp-json\/wp\/v2\/comments?post=123929"}],"version-history":[{"count":0,"href":"https:\/\/linitiative.ca\/International\/wp-json\/wp\/v2\/posts\/123929\/revisions"}],"wp:attachment":[{"href":"https:\/\/linitiative.ca\/International\/wp-json\/wp\/v2\/media?parent=123929"}],"wp:term":[{"taxonomy":"category","embeddable":true,"href":"https:\/\/linitiative.ca\/International\/wp-json\/wp\/v2\/categories?post=123929"},{"taxonomy":"post_tag","embeddable":true,"href":"https:\/\/linitiative.ca\/International\/wp-json\/wp\/v2\/tags?post=123929"}],"curies":[{"name":"wp","href":"https:\/\/api.w.org\/{rel}","templated":true}]}}