{"id":123931,"date":"2021-08-11T14:00:00","date_gmt":"2021-08-11T18:00:00","guid":{"rendered":"https:\/\/linitiative.ca\/International\/le-mercure-saffole-entre-42-et-47c-dans-plusieurs-provinces\/"},"modified":"2021-08-11T14:00:00","modified_gmt":"2021-08-11T18:00:00","slug":"le-mercure-saffole-entre-42-et-47c-dans-plusieurs-provinces","status":"publish","type":"post","link":"https:\/\/linitiative.ca\/International\/le-mercure-saffole-entre-42-et-47c-dans-plusieurs-provinces\/","title":{"rendered":"Le mercure s\u2019affole : entre 42 et 47\u00b0C dans plusieurs provinces"},"content":{"rendered":"<div>\n<p class=\"has-text-align-center has-vivid-red-color has-text-color\"><strong>Une vague de chaleur avec chergui d\u2019un niveau de vigilance orange<\/strong><\/p>\n<p class=\"has-black-color has-text-color\"><strong>Une vague de chaleur avec chergui d\u2019un niveau de vigilance orange est pr\u00e9vue du jeudi au lundi dans plusieurs provinces du Royaume, a annonc\u00e9 mardi la Direction g\u00e9n\u00e9rale de la m\u00e9t\u00e9orologie (DGM) dans un bulletin d\u2019alerte m\u00e9t\u00e9orologique.<\/strong><\/p>\n<p class=\"has-black-color has-text-color\">Ainsi, des temp\u00e9ratures variant entre 42 et 47\u00b0C concerneront, jeudi, les provinces de B\u00e9ni Mellal, Berkane, Boulemane, Chefchaouen, Driouch, El Hajeb, El Kelaa des Sraghna, Errachidia, F\u00e8s, Fquih Ben Saleh, Guercif, Jerada, Kh\u00e9nifra, Khouribga, Mekn\u00e8s, Moulay Yacoub, Nador, Ouezzane, Oujda-Angad, Sefrou, Settat, Sidi Kacem, Sidi Slimane, Taounate, Taourirt, Tata, Taza et Zagora, pr\u00e9cise le bulletin.<\/p>\n<p class=\"has-black-color has-text-color\">Par ailleurs, le communiqu\u00e9 indique qu\u2019une hausse sensible des temp\u00e9ratures est pr\u00e9vue sur les plaines Atlantiques Nord \u00e0 partir du vendredi.<\/p>\n<p>L\u2019article <a rel=\"nofollow\" href=\"http:\/\/albayane.press.ma\/le-mercure-saffole-entre-42-et-47c-dans-plusieurs-provinces.html\">Le mercure s\u2019affole : entre 42 et 47\u00b0C dans plusieurs provinces<\/a> est apparu en premier sur <a rel=\"nofollow\" href=\"http:\/\/albayane.press.ma\/\">ALBAYANE<\/a>.<\/p>\n<\/div>\n<p>Auteur: M&rsquo;hammed rahal<br \/>\n<a href=\"http:\/\/albayane.press.ma\/le-mercure-saffole-entre-42-et-47c-dans-plusieurs-provinces.html\">Cliquez ici pour lire l&rsquo;article depuis sa source.<\/a><\/p>\n","protected":false},"excerpt":{"rendered":"<p>Une vague de chaleur avec chergui d\u2019un niveau de vigilance orange Une vague de chaleur avec chergui d\u2019un niveau de vigilance orange est pr\u00e9vue du jeudi au lundi dans plusieurs provinces du Royaume, a annonc\u00e9 mardi la Direction g\u00e9n\u00e9rale de la m\u00e9t\u00e9orologie (DGM) dans un bulletin d\u2019alerte m\u00e9t\u00e9orologique. Ainsi, des temp\u00e9ratures variant entre 42 et [&hellip;]<\/p>\n","protected":false},"author":1760,"featured_media":0,"comment_status":"closed","ping_status":"closed","sticky":false,"template":"","format":"standard","meta":{"fifu_image_url":"","fifu_image_alt":"","footnotes":""},"categories":[73,54],"tags":[],"class_list":["post-123931","post","type-post","status-publish","format-standard","hentry","category-actualite","category-maroc"],"_links":{"self":[{"href":"https:\/\/linitiative.ca\/International\/wp-json\/wp\/v2\/posts\/123931","targetHints":{"allow":["GET"]}}],"collection":[{"href":"https:\/\/linitiative.ca\/International\/wp-json\/wp\/v2\/posts"}],"about":[{"href":"https:\/\/linitiative.ca\/International\/wp-json\/wp\/v2\/types\/post"}],"author":[{"embeddable":true,"href":"https:\/\/linitiative.ca\/International\/wp-json\/wp\/v2\/users\/1760"}],"replies":[{"embeddable":true,"href":"https:\/\/linitiative.ca\/International\/wp-json\/wp\/v2\/comments?post=123931"}],"version-history":[{"count":0,"href":"https:\/\/linitiative.ca\/International\/wp-json\/wp\/v2\/posts\/123931\/revisions"}],"wp:attachment":[{"href":"https:\/\/linitiative.ca\/International\/wp-json\/wp\/v2\/media?parent=123931"}],"wp:term":[{"taxonomy":"category","embeddable":true,"href":"https:\/\/linitiative.ca\/International\/wp-json\/wp\/v2\/categories?post=123931"},{"taxonomy":"post_tag","embeddable":true,"href":"https:\/\/linitiative.ca\/International\/wp-json\/wp\/v2\/tags?post=123931"}],"curies":[{"name":"wp","href":"https:\/\/api.w.org\/{rel}","templated":true}]}}