{"id":123938,"date":"2021-08-12T07:29:30","date_gmt":"2021-08-12T11:29:30","guid":{"rendered":"https:\/\/linitiative.ca\/International\/rencontre-de-communication-au-profit-des-marocains-du-monde\/"},"modified":"2021-08-12T07:29:30","modified_gmt":"2021-08-12T11:29:30","slug":"rencontre-de-communication-au-profit-des-marocains-du-monde","status":"publish","type":"post","link":"https:\/\/linitiative.ca\/International\/rencontre-de-communication-au-profit-des-marocains-du-monde\/","title":{"rendered":"Rencontre de communication au profit des Marocains du Monde"},"content":{"rendered":"<div>\n<div style=\"margin-bottom:20px;\"><img loading=\"lazy\" decoding=\"async\" width=\"750\" height=\"430\" src=\"https:\/\/linitiative.ca\/International\/wp-content\/uploads\/sites\/23\/2021\/08\/Operation-Marhaba.jpg\" class=\"attachment-post-thumbnail size-post-thumbnail wp-post-image\" alt=\"\" srcset=\"https:\/\/linitiative.ca\/International\/wp-content\/uploads\/sites\/23\/2021\/08\/Operation-Marhaba.jpg 750w, http:\/\/www.mapmarrakech.ma\/map\/uploads\/2021\/08\/Operation-Marhaba-300x172.jpg 300w\" sizes=\"auto, (max-width: 750px) 100vw, 750px\"><\/div>\n<p>Organis\u00e9e par la province de Safi\u00a0et le Centre r\u00e9gional d\u2019investissement (CRI) de Marrakech-Safi,\u00a0cette rencontre a \u00e9t\u00e9 l\u2019occasion pour souligner la mobilisation des Marocains r\u00e9sidant \u00e0 l\u2019\u00e9tranger pour la mise en \u0153uvre des recommandations du Rapport g\u00e9n\u00e9ral de la Commission Sp\u00e9ciale sur le Mod\u00e8le de D\u00e9veloppement.<\/p>\n<p>Intervenant \u00e0 cette occasion, le gouverneur de la province de Safi, M. Lahoucine Chaynane, a relev\u00e9 que le Nouveau mod\u00e8le de d\u00e9veloppement (NMD) accorde une place de choix aux Marocains du monde, qui constituent une force et un atout pr\u00e9cieux dans le processus de d\u00e9veloppement du pays.<\/p>\n<p>Dans ce contexte, le responsable territorial a pr\u00e9sent\u00e9 les propositions et recommandations du Rapport g\u00e9n\u00e9ral au sujet des Marocains du monde, notamment celles qui se rapportent \u00e0 la mobilisation des comp\u00e9tences des MRE au service du d\u00e9veloppement du pays, l\u2019exploitation du r\u00f4le de cette communaut\u00e9 en tant que pont entre le march\u00e9 national et les march\u00e9s internationaux, le d\u00e9veloppement de produits financiers adapt\u00e9s aux objectifs d\u2019investissement des MRE, la poursuite des\u00a0 efforts de consolidation et le renforcement des liens culturels et immat\u00e9riels avec cette part importante de la population marocaine.<\/p>\n<ol>\n<li>Chaynane a, en outre, pr\u00e9sent\u00e9 la strat\u00e9gie nationale pour l\u2019int\u00e9gration des Marocains du monde dans le tissu \u00e9conomique \u00e0 travers la mise en place de plusieurs m\u00e9canismes pour l\u2019accompagnement des investissements de cette communaut\u00e9 et la mobilisation des comp\u00e9tences de la diaspora selon une nouvelle approche bas\u00e9e sur la concertation et le partenariat avec le diff\u00e9rents secteurs concern\u00e9s pour renforcer sa contribution aux diff\u00e9rents chantiers de d\u00e9veloppement.<\/li>\n<\/ol>\n<p>La c\u00e9l\u00e9bration de la Journ\u00e9e nationale du migrant, approuv\u00e9e par SM le Roi Mohammed VI en 2003, vise \u00e0 mettre en exergue l\u2019adh\u00e9sion des Marocains du monde pour la mise en \u0153uvre du NMD, ainsi que leur contribution dans le d\u00e9veloppement de leur pays.<\/p>\n<p>Il s\u2019agit aussi de mettre en avant leur contribution essentielle dans le rayonnement du Maroc \u00e0 l\u2019international, la mise en \u0153uvre des grands chantiers nationaux, ainsi que leur engagement constant \u00e0 d\u00e9fendre l\u2019int\u00e9grit\u00e9 territoriale du Royaume dans leurs pays d\u2019accueil.<\/p>\n<p>Cette rencontre a \u00e9t\u00e9 l\u2019occasion de mettre le point sur les aspirations et attentes de cette cat\u00e9gorie de citoyens, notamment dans le cadre des transformations et d\u00e9fis actuels et futurs du Maroc.<\/p>\n<p>La c\u00e9l\u00e9bration de cette journ\u00e9e t\u00e9moigne de la Haute Sollicitude dont SM le Roi Mohammed VI ne cesse d\u2019entourer les MRE, traduite cette ann\u00e9e par la d\u00e9cision Royale d\u2019ouvrir les fronti\u00e8res aux membres de la Communaut\u00e9 marocaine r\u00e9sidant \u00e0 l\u2019\u00e9tranger et de faciliter leur retour au pays \u00e0 des prix raisonnables, ainsi que l\u2019appel du Souverain \u00e0 tous les op\u00e9rateurs du tourisme \u00e0 prendre les dispositions n\u00e9cessaires afin d\u2019accueillir les membres de la communaut\u00e9 marocaine r\u00e9sidant \u00e0 l\u2019\u00e9tranger dans les meilleures conditions et aux meilleurs prix.<\/p>\n<p>The post <a rel=\"nofollow\" href=\"http:\/\/www.mapmarrakech.ma\/fr\/rencontre-de-communication-au-profit-des-marocains-du-monde\/\">Rencontre de communication au profit des Marocains du Monde<\/a> appeared first on <a rel=\"nofollow\" href=\"http:\/\/www.mapmarrakech.ma\/fr\">MapMarrakech<\/a>.<\/p>\n<\/div>\n<p>Auteur: Meriem IGASS<br \/>\n<a href=\"http:\/\/www.mapmarrakech.ma\/fr\/rencontre-de-communication-au-profit-des-marocains-du-monde\/\">Cliquez ici pour lire l&rsquo;article depuis sa source.<\/a><\/p>\n","protected":false},"excerpt":{"rendered":"<p>Organis\u00e9e par la province de Safi\u00a0et le Centre r\u00e9gional d\u2019investissement (CRI) de Marrakech-Safi,\u00a0cette rencontre a \u00e9t\u00e9 l\u2019occasion pour souligner la mobilisation des Marocains r\u00e9sidant \u00e0 l\u2019\u00e9tranger pour la mise en \u0153uvre des recommandations du Rapport g\u00e9n\u00e9ral de la Commission Sp\u00e9ciale sur le Mod\u00e8le de D\u00e9veloppement. Intervenant \u00e0 cette occasion, le gouverneur de la province de [&hellip;]<\/p>\n","protected":false},"author":1788,"featured_media":0,"comment_status":"closed","ping_status":"closed","sticky":false,"template":"","format":"standard","meta":{"fifu_image_url":"http:\/\/www.mapmarrakech.ma\/map\/uploads\/2021\/08\/Operation-Marhaba.jpg","fifu_image_alt":"Rencontre de communication au profit des Marocains du Monde","footnotes":""},"categories":[54,76],"tags":[],"class_list":["post-123938","post","type-post","status-publish","format-standard","hentry","category-maroc","category-regions"],"_links":{"self":[{"href":"https:\/\/linitiative.ca\/International\/wp-json\/wp\/v2\/posts\/123938","targetHints":{"allow":["GET"]}}],"collection":[{"href":"https:\/\/linitiative.ca\/International\/wp-json\/wp\/v2\/posts"}],"about":[{"href":"https:\/\/linitiative.ca\/International\/wp-json\/wp\/v2\/types\/post"}],"author":[{"embeddable":true,"href":"https:\/\/linitiative.ca\/International\/wp-json\/wp\/v2\/users\/1788"}],"replies":[{"embeddable":true,"href":"https:\/\/linitiative.ca\/International\/wp-json\/wp\/v2\/comments?post=123938"}],"version-history":[{"count":0,"href":"https:\/\/linitiative.ca\/International\/wp-json\/wp\/v2\/posts\/123938\/revisions"}],"wp:attachment":[{"href":"https:\/\/linitiative.ca\/International\/wp-json\/wp\/v2\/media?parent=123938"}],"wp:term":[{"taxonomy":"category","embeddable":true,"href":"https:\/\/linitiative.ca\/International\/wp-json\/wp\/v2\/categories?post=123938"},{"taxonomy":"post_tag","embeddable":true,"href":"https:\/\/linitiative.ca\/International\/wp-json\/wp\/v2\/tags?post=123938"}],"curies":[{"name":"wp","href":"https:\/\/api.w.org\/{rel}","templated":true}]}}