{"id":123940,"date":"2021-08-12T08:14:01","date_gmt":"2021-08-12T12:14:01","guid":{"rendered":"https:\/\/linitiative.ca\/International\/previsions-meteorologiques-pour-le-vendredi-13-aout-2021\/"},"modified":"2021-08-12T08:14:01","modified_gmt":"2021-08-12T12:14:01","slug":"previsions-meteorologiques-pour-le-vendredi-13-aout-2021","status":"publish","type":"post","link":"https:\/\/linitiative.ca\/International\/previsions-meteorologiques-pour-le-vendredi-13-aout-2021\/","title":{"rendered":"Pr\u00e9visions m\u00e9t\u00e9orologiques pour le vendredi 13 ao\u00fbt 2021"},"content":{"rendered":"<div>\n<div style=\"margin-bottom:20px;\"><img loading=\"lazy\" decoding=\"async\" width=\"750\" height=\"430\" src=\"https:\/\/linitiative.ca\/International\/wp-content\/uploads\/sites\/23\/2021\/08\/soleil-3.jpg\" class=\"attachment-post-thumbnail size-post-thumbnail wp-post-image\" alt=\"\" srcset=\"https:\/\/linitiative.ca\/International\/wp-content\/uploads\/sites\/23\/2021\/08\/soleil-3.jpg 750w, http:\/\/www.mapmarrakech.ma\/map\/uploads\/2021\/08\/soleil-3-300x172.jpg 300w\" sizes=\"auto, (max-width: 750px) 100vw, 750px\"><\/div>\n<p>\u2013 Temps assez chaud \u00e0 chaud sur le Sud-Est, l\u2019Oriental et les plaines int\u00e9rieures.<\/p>\n<p>\u2013 Nuages bas matinaux et nocturnes avec formations brumeuses pr\u00e8s des c\u00f4tes Nord et Centre et sur la M\u00e9diterran\u00e9e.<\/p>\n<p>\u2013 Chasse-sables locales sur le Sud-Est, le Sud de l\u2019Oriental et l\u2019int\u00e9rieur des provinces Sud.<\/p>\n<p>\u2013 Vent mod\u00e9r\u00e9 de secteur nord sur le Sud, de sud-est sur le Sud-Est et l\u2019Oriental et faible de secteur nord ailleurs.<\/p>\n<p>\u2013 Temp\u00e9ratures minimales de l\u2019ordre de 23\/30\u00b0C sur le Sud-Est, l\u2019Oriental et l\u2019extr\u00eame Sud du pays et de 17\/23\u00b0C ailleurs.<\/p>\n<p>\u2013 Temp\u00e9ratures maximales de l\u2019ordre de 40\/43\u00b0C sur le Sud-Est, la vall\u00e9e de Moulouya et l\u2019Oriental, le Rif, le Saiss, les plaines int\u00e9rieures et l\u2019extr\u00eame Sud du pays, 22\/29\u00b0C pr\u00e8s des c\u00f4tes et de 28\/35\u00b0C sur le reste du pays.<\/p>\n<p>\u2013 Mer belle \u00e0 peu agit\u00e9e sur la M\u00e9diterran\u00e9e et sur le D\u00e9troit et peu agit\u00e9e \u00e0 agit\u00e9e le long du littoral Atlantique.<\/p>\n<p>The post <a rel=\"nofollow\" href=\"http:\/\/www.mapmarrakech.ma\/fr\/previsions-meteorologiques-pour-le-vendredi-13-aout-2021\/\">Pr\u00e9visions m\u00e9t\u00e9orologiques pour le vendredi 13 ao\u00fbt 2021<\/a> appeared first on <a rel=\"nofollow\" href=\"http:\/\/www.mapmarrakech.ma\/fr\">MapMarrakech<\/a>.<\/p>\n<\/div>\n<p>Auteur: Meriem IGASS<br \/>\n<a href=\"http:\/\/www.mapmarrakech.ma\/fr\/previsions-meteorologiques-pour-le-vendredi-13-aout-2021\/\">Cliquez ici pour lire l&rsquo;article depuis sa source.<\/a><\/p>\n","protected":false},"excerpt":{"rendered":"<p>\u2013 Temps assez chaud \u00e0 chaud sur le Sud-Est, l\u2019Oriental et les plaines int\u00e9rieures. \u2013 Nuages bas matinaux et nocturnes avec formations brumeuses pr\u00e8s des c\u00f4tes Nord et Centre et sur la M\u00e9diterran\u00e9e. \u2013 Chasse-sables locales sur le Sud-Est, le Sud de l\u2019Oriental et l\u2019int\u00e9rieur des provinces Sud. \u2013 Vent mod\u00e9r\u00e9 de secteur nord sur [&hellip;]<\/p>\n","protected":false},"author":1788,"featured_media":0,"comment_status":"closed","ping_status":"closed","sticky":false,"template":"","format":"standard","meta":{"fifu_image_url":"http:\/\/www.mapmarrakech.ma\/map\/uploads\/2021\/08\/soleil-3.jpg","fifu_image_alt":"Pr\u00e9visions m\u00e9t\u00e9orologiques pour le vendredi 13 ao\u00fbt 2021","footnotes":""},"categories":[54,76],"tags":[],"class_list":["post-123940","post","type-post","status-publish","format-standard","hentry","category-maroc","category-regions"],"_links":{"self":[{"href":"https:\/\/linitiative.ca\/International\/wp-json\/wp\/v2\/posts\/123940","targetHints":{"allow":["GET"]}}],"collection":[{"href":"https:\/\/linitiative.ca\/International\/wp-json\/wp\/v2\/posts"}],"about":[{"href":"https:\/\/linitiative.ca\/International\/wp-json\/wp\/v2\/types\/post"}],"author":[{"embeddable":true,"href":"https:\/\/linitiative.ca\/International\/wp-json\/wp\/v2\/users\/1788"}],"replies":[{"embeddable":true,"href":"https:\/\/linitiative.ca\/International\/wp-json\/wp\/v2\/comments?post=123940"}],"version-history":[{"count":0,"href":"https:\/\/linitiative.ca\/International\/wp-json\/wp\/v2\/posts\/123940\/revisions"}],"wp:attachment":[{"href":"https:\/\/linitiative.ca\/International\/wp-json\/wp\/v2\/media?parent=123940"}],"wp:term":[{"taxonomy":"category","embeddable":true,"href":"https:\/\/linitiative.ca\/International\/wp-json\/wp\/v2\/categories?post=123940"},{"taxonomy":"post_tag","embeddable":true,"href":"https:\/\/linitiative.ca\/International\/wp-json\/wp\/v2\/tags?post=123940"}],"curies":[{"name":"wp","href":"https:\/\/api.w.org\/{rel}","templated":true}]}}