{"id":123944,"date":"2021-08-12T13:52:17","date_gmt":"2021-08-12T17:52:17","guid":{"rendered":"https:\/\/linitiative.ca\/International\/journees-portes-ouvertes-de-lagence-urbaine-au-profit-des-mre\/"},"modified":"2021-08-12T13:52:17","modified_gmt":"2021-08-12T17:52:17","slug":"journees-portes-ouvertes-de-lagence-urbaine-au-profit-des-mre","status":"publish","type":"post","link":"https:\/\/linitiative.ca\/International\/journees-portes-ouvertes-de-lagence-urbaine-au-profit-des-mre\/","title":{"rendered":"Journ\u00e9es portes ouvertes de l\u2019Agence urbaine au profit des MRE"},"content":{"rendered":"<div>\n<div style=\"margin-bottom:20px;\"><img loading=\"lazy\" decoding=\"async\" width=\"750\" height=\"430\" src=\"https:\/\/linitiative.ca\/International\/wp-content\/uploads\/sites\/23\/2021\/08\/agenceurbainemarrakech-copier.jpg\" class=\"attachment-post-thumbnail size-post-thumbnail wp-post-image\" alt=\"\" srcset=\"https:\/\/linitiative.ca\/International\/wp-content\/uploads\/sites\/23\/2021\/08\/agenceurbainemarrakech-copier.jpg 750w, http:\/\/www.mapmarrakech.ma\/map\/uploads\/2020\/05\/agenceurbainemarrakech-copier-300x172.jpg 300w\" sizes=\"auto, (max-width: 750px) 100vw, 750px\"><\/div>\n<p>Cette initiative, qui vise \u00e0 renforcer la communication et la sensibilisation autour des missions de cette agence, \u00e0 fournir l\u2019assistance et les explications techniques et administratives relatives \u00e0 l\u2019urbanisme et pr\u00e9senter les services d\u00e9mat\u00e9rialis\u00e9s offerts par l\u2019AUM, s\u2019inscrit dans le cadre de l\u2019application des Hautes instructions Royales visant l\u2019accompagnement des Marocains du monde dans leur s\u00e9jour au pays.<\/p>\n<p>Dans ce contexte, l\u2019AUM a indiqu\u00e9 qu\u2019elle a mis en oeuvre un dispositif d\u2019accueil au profit des MRE afin de leur assurer l\u2019assistance n\u00e9cessaire dans leurs d\u00e9marches administratives.<\/p>\n<p>Cette action intervient dans le cadre de la mise en \u0153uvre des Hautes orientations royales, ainsi qu\u2019en application des termes de la circulaire du minist\u00e8re de l\u2019Am\u00e9nagement du territoire national, de l\u2019urbanisme, de l\u2019habitat et de la politique de la Ville.<\/p>\n<p>Ainsi, l\u2019Agence a mis \u00e0 la disposition de la diaspora un num\u00e9ro vert pour les orienter et conseiller et donner des r\u00e9ponses \u00e0 leurs diff\u00e9rentes questions.<\/p>\n<p>De m\u00eame, l\u2019AUM a proc\u00e9d\u00e9 \u00e0 la mise en place d\u2019un guichet charg\u00e9 de l\u2019assistance technique et administrative dans le but d\u2019apporter les r\u00e9ponses ad\u00e9quates aux diff\u00e9rentes questions et dol\u00e9ances, ainsi qu\u2019une cellule permanente charg\u00e9e de l\u2019accueil, de l\u2019orientation, de l\u2019\u00e9coute et de l\u2019information.<\/p>\n<p>The post <a rel=\"nofollow\" href=\"http:\/\/www.mapmarrakech.ma\/fr\/journees-portes-ouvertes-de-lagence-urbaine-au-profit-des-mre\/\">Journ\u00e9es portes ouvertes de l\u2019Agence urbaine au profit des MRE<\/a> appeared first on <a rel=\"nofollow\" href=\"http:\/\/www.mapmarrakech.ma\/fr\">MapMarrakech<\/a>.<\/p>\n<\/div>\n<p>Auteur: Meriem IGASS<br \/>\n<a href=\"http:\/\/www.mapmarrakech.ma\/fr\/journees-portes-ouvertes-de-lagence-urbaine-au-profit-des-mre\/\">Cliquez ici pour lire l&rsquo;article depuis sa source.<\/a><\/p>\n","protected":false},"excerpt":{"rendered":"<p>Cette initiative, qui vise \u00e0 renforcer la communication et la sensibilisation autour des missions de cette agence, \u00e0 fournir l\u2019assistance et les explications techniques et administratives relatives \u00e0 l\u2019urbanisme et pr\u00e9senter les services d\u00e9mat\u00e9rialis\u00e9s offerts par l\u2019AUM, s\u2019inscrit dans le cadre de l\u2019application des Hautes instructions Royales visant l\u2019accompagnement des Marocains du monde dans leur [&hellip;]<\/p>\n","protected":false},"author":1788,"featured_media":0,"comment_status":"closed","ping_status":"closed","sticky":false,"template":"","format":"standard","meta":{"fifu_image_url":"http:\/\/www.mapmarrakech.ma\/map\/uploads\/2020\/05\/agenceurbainemarrakech-copier.jpg","fifu_image_alt":"Journ\u00e9es portes ouvertes de l\u2019Agence urbaine au profit des MRE","footnotes":""},"categories":[54,76],"tags":[],"class_list":["post-123944","post","type-post","status-publish","format-standard","hentry","category-maroc","category-regions"],"_links":{"self":[{"href":"https:\/\/linitiative.ca\/International\/wp-json\/wp\/v2\/posts\/123944","targetHints":{"allow":["GET"]}}],"collection":[{"href":"https:\/\/linitiative.ca\/International\/wp-json\/wp\/v2\/posts"}],"about":[{"href":"https:\/\/linitiative.ca\/International\/wp-json\/wp\/v2\/types\/post"}],"author":[{"embeddable":true,"href":"https:\/\/linitiative.ca\/International\/wp-json\/wp\/v2\/users\/1788"}],"replies":[{"embeddable":true,"href":"https:\/\/linitiative.ca\/International\/wp-json\/wp\/v2\/comments?post=123944"}],"version-history":[{"count":0,"href":"https:\/\/linitiative.ca\/International\/wp-json\/wp\/v2\/posts\/123944\/revisions"}],"wp:attachment":[{"href":"https:\/\/linitiative.ca\/International\/wp-json\/wp\/v2\/media?parent=123944"}],"wp:term":[{"taxonomy":"category","embeddable":true,"href":"https:\/\/linitiative.ca\/International\/wp-json\/wp\/v2\/categories?post=123944"},{"taxonomy":"post_tag","embeddable":true,"href":"https:\/\/linitiative.ca\/International\/wp-json\/wp\/v2\/tags?post=123944"}],"curies":[{"name":"wp","href":"https:\/\/api.w.org\/{rel}","templated":true}]}}