{"id":123948,"date":"2021-08-12T08:43:11","date_gmt":"2021-08-12T12:43:11","guid":{"rendered":"https:\/\/linitiative.ca\/International\/creativite-et-dialogue-des-culture-theme-du-12e-forum-de-la-poesie-et-des-arts-plastiques-de-guercif\/"},"modified":"2021-08-12T08:43:11","modified_gmt":"2021-08-12T12:43:11","slug":"creativite-et-dialogue-des-culture-theme-du-12e-forum-de-la-poesie-et-des-arts-plastiques-de-guercif","status":"publish","type":"post","link":"https:\/\/linitiative.ca\/International\/creativite-et-dialogue-des-culture-theme-du-12e-forum-de-la-poesie-et-des-arts-plastiques-de-guercif\/","title":{"rendered":"\u00ab\u00a0Cr\u00e9ativit\u00e9 et dialogue des culture\u00a0\u00bb, th\u00e8me du 12\u00e8 Forum de la po\u00e9sie et des arts plastiques de Guercif"},"content":{"rendered":"<div>\n<div style=\"margin-bottom:20px;\"><img loading=\"lazy\" decoding=\"async\" width=\"728\" height=\"430\" src=\"https:\/\/linitiative.ca\/International\/wp-content\/uploads\/sites\/23\/2021\/08\/Affiche-du-12-festival-international-de-Guercif-pour-la-poC3A9sie-et-lE28099art-plastique-750C397430-DR.jpg\" class=\"attachment-post-thumbnail size-post-thumbnail wp-post-image\" alt=\"\" srcset=\"https:\/\/linitiative.ca\/International\/wp-content\/uploads\/sites\/23\/2021\/08\/Affiche-du-12-festival-international-de-Guercif-pour-la-poC3A9sie-et-lE28099art-plastique-750C397430-DR.jpg 728w, http:\/\/www.mapoujda.ma\/map\/uploads\/2021\/08\/Affiche-du-12-festival-international-de-Guercif-pour-la-po\u00e9sie-et-l\u2019art-plastique-750\u00d7430-DR-300x177.jpg 300w, http:\/\/www.mapoujda.ma\/map\/uploads\/2021\/08\/Affiche-du-12-festival-international-de-Guercif-pour-la-po\u00e9sie-et-l\u2019art-plastique-750\u00d7430-DR-357x210.jpg 357w\" sizes=\"auto, (max-width: 728px) 100vw, 728px\"><\/div>\n<div>\n<p style=\"text-align: justify;\">La 12\u00e8me \u00e9dition du Forum de la po\u00e9sie et des arts plastiques de Guercif, organis\u00e9e sous format num\u00e9rique, a d\u00e9marr\u00e9 r\u00e9cemment et doit se poursuivre jusqu\u2019au 21 ao\u00fbt, avec pour th\u00e8me \u00ab\u00a0Cr\u00e9ativit\u00e9 et dialogue des culture\u00a0\u00bb.<\/p>\n<p style=\"text-align: justify;\">Cet \u00e9v\u00e9nement, organis\u00e9 par l\u2019association Al-Hamich pour la po\u00e9sie et l\u2019art plastique, conna\u00eet la participation de plus d\u2019une centaine de po\u00e8tes, intellectuels, artistes et critiques d\u2019art repr\u00e9sentant une trentaine de pays \u00e0 travers le monde.<\/p>\n<p style=\"text-align: justify;\">Dans une allocution \u00e0 l\u2019occasion de l\u2019ouverture de cette rencontre, le pr\u00e9sident de l\u2019association Al-Hamich, Hafid El Mtouni, a indiqu\u00e9 que l\u2019organisation de cette \u00e9dition sous format num\u00e9rique r\u00e9pond \u00e0 la n\u00e9cessit\u00e9 de poursuivre l\u2019action culturelle malgr\u00e9 les difficult\u00e9s et restrictions dict\u00e9es par la pand\u00e9mie de la Covid-19.<\/p>\n<p style=\"text-align: justify;\">Cette \u00e9dition traduit la d\u00e9termination \u00e0 s\u2019accrocher \u00e0 l\u2019espoir et \u00e0 la vie, en vue de mettre en avant les valeurs de l\u2019amour, de la paix et du dialogue, en plus d\u2019offrir un \u00e9chappatoire \u00e0 la tristesse et au climat de crise induit par le virus partout dans le monde, a-t-il ajout\u00e9.<\/p>\n<p style=\"text-align: justify;\">Le forum est marqu\u00e9 cette ann\u00e9e par des hommages notamment au po\u00e8te libyen Mohamed Ali Donqli, \u00e0 l\u2019artiste peintre alg\u00e9rien Noureddine Taberha et \u00e0 l\u2019\u00e9crivain et critique tunisien Mohamed El Badaoui, en plus de la participation remarqu\u00e9e de la Palestine, cette \u00e9dition \u00e9tant d\u00e9di\u00e9e \u00e0 la m\u00e9moire du po\u00e8te palestinien feu Azzedin Al-Manasrah.<\/p>\n<p style=\"text-align: justify;\">Le programme de cette \u00e9dition porte aussi sur des rencontres th\u00e9matiques, des soir\u00e9es po\u00e9tiques et une exposition collective d\u2019art pictural plac\u00e9e sous le signe \u00ab\u00a0Rencontre \u00e0 la marge\u00a0\u00bb.<\/p>\n<\/div>\n<p>L\u2019article <a rel=\"nofollow\" href=\"http:\/\/www.mapoujda.ma\/fr\/12eme-forum-de-la-poesie-et-des-arts-plastiques-de-guercif\/\">\u00ab\u00a0Cr\u00e9ativit\u00e9 et dialogue des culture\u00a0\u00bb, th\u00e8me du 12\u00e8 Forum de la po\u00e9sie et des arts plastiques de Guercif<\/a> est apparu en premier sur <a rel=\"nofollow\" href=\"http:\/\/www.mapoujda.ma\/fr\">MapOujda<\/a>.<\/p>\n<\/div>\n<p>Auteur: Soufiane ELAHMAR<br \/>\n<a href=\"http:\/\/www.mapoujda.ma\/fr\/12eme-forum-de-la-poesie-et-des-arts-plastiques-de-guercif\/\">Cliquez ici pour lire l&rsquo;article depuis sa source.<\/a><\/p>\n","protected":false},"excerpt":{"rendered":"<p>La 12\u00e8me \u00e9dition du Forum de la po\u00e9sie et des arts plastiques de Guercif, organis\u00e9e sous format num\u00e9rique, a d\u00e9marr\u00e9 r\u00e9cemment et doit se poursuivre jusqu\u2019au 21 ao\u00fbt, avec pour th\u00e8me \u00ab\u00a0Cr\u00e9ativit\u00e9 et dialogue des culture\u00a0\u00bb. Cet \u00e9v\u00e9nement, organis\u00e9 par l\u2019association Al-Hamich pour la po\u00e9sie et l\u2019art plastique, conna\u00eet la participation de plus d\u2019une centaine [&hellip;]<\/p>\n","protected":false},"author":1788,"featured_media":0,"comment_status":"closed","ping_status":"closed","sticky":false,"template":"","format":"standard","meta":{"fifu_image_url":"http:\/\/www.mapoujda.ma\/map\/uploads\/2021\/08\/Affiche-du-12-festival-international-de-Guercif-pour-la-po\u00e9sie-et-l\u2019art-plastique-750\u00d7430-DR.jpg","fifu_image_alt":"\u00ab\u00a0Cr\u00e9ativit\u00e9 et dialogue des culture\u00a0\u00bb, th\u00e8me du 12\u00e8 Forum de la po\u00e9sie et des arts plastiques de Guercif","footnotes":""},"categories":[54,76],"tags":[],"class_list":["post-123948","post","type-post","status-publish","format-standard","hentry","category-maroc","category-regions"],"_links":{"self":[{"href":"https:\/\/linitiative.ca\/International\/wp-json\/wp\/v2\/posts\/123948","targetHints":{"allow":["GET"]}}],"collection":[{"href":"https:\/\/linitiative.ca\/International\/wp-json\/wp\/v2\/posts"}],"about":[{"href":"https:\/\/linitiative.ca\/International\/wp-json\/wp\/v2\/types\/post"}],"author":[{"embeddable":true,"href":"https:\/\/linitiative.ca\/International\/wp-json\/wp\/v2\/users\/1788"}],"replies":[{"embeddable":true,"href":"https:\/\/linitiative.ca\/International\/wp-json\/wp\/v2\/comments?post=123948"}],"version-history":[{"count":0,"href":"https:\/\/linitiative.ca\/International\/wp-json\/wp\/v2\/posts\/123948\/revisions"}],"wp:attachment":[{"href":"https:\/\/linitiative.ca\/International\/wp-json\/wp\/v2\/media?parent=123948"}],"wp:term":[{"taxonomy":"category","embeddable":true,"href":"https:\/\/linitiative.ca\/International\/wp-json\/wp\/v2\/categories?post=123948"},{"taxonomy":"post_tag","embeddable":true,"href":"https:\/\/linitiative.ca\/International\/wp-json\/wp\/v2\/tags?post=123948"}],"curies":[{"name":"wp","href":"https:\/\/api.w.org\/{rel}","templated":true}]}}