{"id":123953,"date":"2021-08-12T09:41:28","date_gmt":"2021-08-12T13:41:28","guid":{"rendered":"https:\/\/linitiative.ca\/International\/des-risques-dincendies-tres-eleves-en-espagne-et-au-portugal\/"},"modified":"2021-08-12T09:41:28","modified_gmt":"2021-08-12T13:41:28","slug":"des-risques-dincendies-tres-eleves-en-espagne-et-au-portugal","status":"publish","type":"post","link":"https:\/\/linitiative.ca\/International\/des-risques-dincendies-tres-eleves-en-espagne-et-au-portugal\/","title":{"rendered":"Des risques d\u2019incendies \u00ab\u00a0tr\u00e8s \u00e9lev\u00e9s\u00a0\u00bb en Espagne et au Portugal"},"content":{"rendered":"<div>\n<div class=\"field field-name-body field-type-text-with-summary field-label-hidden\">\n<div class=\"field-items\">\n<div class=\"field-item even\" property=\"content:encoded\">\n<p class=\"rtejustify\">Alors que des incendies ravagent une partie de la M\u00e9diterran\u00e9e, l\u2019Espagne et le Portugal ne devraient pas y \u00e9chapper. Les deux pays sont entr\u00e9s dans une vague de chaleur au moins jusqu&rsquo;\u00e0 lundi prochain, avec des risques \u00ab tr\u00e8s \u00e9lev\u00e9s \u00bb d&rsquo;incendies dans une grande partie de la p\u00e9ninsule ib\u00e9rique, ont averti jeudi les autorit\u00e9s des deux pays.<\/p>\n<p class=\"rtejustify\">Ces risques d&rsquo;incendies inqui\u00e8tent alors que le Nord de l\u2019Alg\u00e9rie et la Gr\u00e8ce sont touch\u00e9s par ces d\u00e9parts de feu meurtriers.<\/p>\n<\/div>\n<\/div>\n<\/div>\n<\/div>\n<p>Auteur: mbasraoui<br \/>\n<a href=\"https:\/\/www.leconomiste.com\/flash-infos\/des-risques-d-incendies-tres-eleves-en-espagne-et-au-portugal\">Cliquez ici pour lire l&rsquo;article depuis sa source.<\/a><\/p>\n","protected":false},"excerpt":{"rendered":"<p>Alors que des incendies ravagent une partie de la M\u00e9diterran\u00e9e, l\u2019Espagne et le Portugal ne devraient pas y \u00e9chapper. Les deux pays sont entr\u00e9s dans une vague de chaleur au moins jusqu&rsquo;\u00e0 lundi prochain, avec des risques \u00ab tr\u00e8s \u00e9lev\u00e9s \u00bb d&rsquo;incendies dans une grande partie de la p\u00e9ninsule ib\u00e9rique, ont averti jeudi les autorit\u00e9s [&hellip;]<\/p>\n","protected":false},"author":1763,"featured_media":0,"comment_status":"closed","ping_status":"closed","sticky":false,"template":"","format":"standard","meta":{"fifu_image_url":"","fifu_image_alt":"","footnotes":""},"categories":[78,54],"tags":[],"class_list":["post-123953","post","type-post","status-publish","format-standard","hentry","category-economie","category-maroc"],"_links":{"self":[{"href":"https:\/\/linitiative.ca\/International\/wp-json\/wp\/v2\/posts\/123953","targetHints":{"allow":["GET"]}}],"collection":[{"href":"https:\/\/linitiative.ca\/International\/wp-json\/wp\/v2\/posts"}],"about":[{"href":"https:\/\/linitiative.ca\/International\/wp-json\/wp\/v2\/types\/post"}],"author":[{"embeddable":true,"href":"https:\/\/linitiative.ca\/International\/wp-json\/wp\/v2\/users\/1763"}],"replies":[{"embeddable":true,"href":"https:\/\/linitiative.ca\/International\/wp-json\/wp\/v2\/comments?post=123953"}],"version-history":[{"count":0,"href":"https:\/\/linitiative.ca\/International\/wp-json\/wp\/v2\/posts\/123953\/revisions"}],"wp:attachment":[{"href":"https:\/\/linitiative.ca\/International\/wp-json\/wp\/v2\/media?parent=123953"}],"wp:term":[{"taxonomy":"category","embeddable":true,"href":"https:\/\/linitiative.ca\/International\/wp-json\/wp\/v2\/categories?post=123953"},{"taxonomy":"post_tag","embeddable":true,"href":"https:\/\/linitiative.ca\/International\/wp-json\/wp\/v2\/tags?post=123953"}],"curies":[{"name":"wp","href":"https:\/\/api.w.org\/{rel}","templated":true}]}}