{"id":123954,"date":"2021-08-12T09:55:31","date_gmt":"2021-08-12T13:55:31","guid":{"rendered":"https:\/\/linitiative.ca\/International\/baisse-du-deficit-budgetaire-tgr\/"},"modified":"2021-08-12T09:55:31","modified_gmt":"2021-08-12T13:55:31","slug":"baisse-du-deficit-budgetaire-tgr","status":"publish","type":"post","link":"https:\/\/linitiative.ca\/International\/baisse-du-deficit-budgetaire-tgr\/","title":{"rendered":"Baisse du d\u00e9ficit budg\u00e9taire (TGR)"},"content":{"rendered":"<div>\n<div class=\"field field-name-body field-type-text-with-summary field-label-hidden\">\n<div class=\"field-items\">\n<div class=\"field-item even\" property=\"content:encoded\">\n<p class=\"rtejustify\">Le d\u00e9ficit budg\u00e9taire s\u2019est \u00e9tabli \u00e0 39,5 milliards de DH \u00e0 fin juillet dernier, contre 41,6 milliards de DH un an auparavant, selon la situation des charges et ressources du Tr\u00e9sor publi\u00e9e par Tr\u00e9sorerie G\u00e9n\u00e9rale du Royaume (TGR).<\/p>\n<\/div>\n<\/div>\n<\/div>\n<\/div>\n<p>Auteur: mbasraoui<br \/>\n<a href=\"https:\/\/www.leconomiste.com\/flash-infos\/baisse-du-deficit-budgetaire-tgr\">Cliquez ici pour lire l&rsquo;article depuis sa source.<\/a><\/p>\n","protected":false},"excerpt":{"rendered":"<p>Le d\u00e9ficit budg\u00e9taire s\u2019est \u00e9tabli \u00e0 39,5 milliards de DH \u00e0 fin juillet dernier, contre 41,6 milliards de DH un an auparavant, selon la situation des charges et ressources du Tr\u00e9sor publi\u00e9e par Tr\u00e9sorerie G\u00e9n\u00e9rale du Royaume (TGR). Auteur: mbasraoui Cliquez ici pour lire l&rsquo;article depuis sa source.<\/p>\n","protected":false},"author":1763,"featured_media":0,"comment_status":"closed","ping_status":"closed","sticky":false,"template":"","format":"standard","meta":{"fifu_image_url":"","fifu_image_alt":"","footnotes":""},"categories":[78,54],"tags":[],"class_list":["post-123954","post","type-post","status-publish","format-standard","hentry","category-economie","category-maroc"],"_links":{"self":[{"href":"https:\/\/linitiative.ca\/International\/wp-json\/wp\/v2\/posts\/123954","targetHints":{"allow":["GET"]}}],"collection":[{"href":"https:\/\/linitiative.ca\/International\/wp-json\/wp\/v2\/posts"}],"about":[{"href":"https:\/\/linitiative.ca\/International\/wp-json\/wp\/v2\/types\/post"}],"author":[{"embeddable":true,"href":"https:\/\/linitiative.ca\/International\/wp-json\/wp\/v2\/users\/1763"}],"replies":[{"embeddable":true,"href":"https:\/\/linitiative.ca\/International\/wp-json\/wp\/v2\/comments?post=123954"}],"version-history":[{"count":0,"href":"https:\/\/linitiative.ca\/International\/wp-json\/wp\/v2\/posts\/123954\/revisions"}],"wp:attachment":[{"href":"https:\/\/linitiative.ca\/International\/wp-json\/wp\/v2\/media?parent=123954"}],"wp:term":[{"taxonomy":"category","embeddable":true,"href":"https:\/\/linitiative.ca\/International\/wp-json\/wp\/v2\/categories?post=123954"},{"taxonomy":"post_tag","embeddable":true,"href":"https:\/\/linitiative.ca\/International\/wp-json\/wp\/v2\/tags?post=123954"}],"curies":[{"name":"wp","href":"https:\/\/api.w.org\/{rel}","templated":true}]}}